{"id":1411,"date":"2025-02-10T22:17:23","date_gmt":"2025-02-10T22:17:23","guid":{"rendered":"https:\/\/vienapaskola.lt\/index.php\/2025\/02\/10\/nuoma-airijoje-gali-kilti-kaip-taoiseach-siulo-perziureti-kainu-virsutine-riba\/"},"modified":"2025-02-10T22:17:23","modified_gmt":"2025-02-10T22:17:23","slug":"nuoma-airijoje-gali-kilti-kaip-taoiseach-siulo-perziureti-kainu-virsutine-riba","status":"publish","type":"post","link":"https:\/\/vienapaskola.lt\/index.php\/2025\/02\/10\/nuoma-airijoje-gali-kilti-kaip-taoiseach-siulo-perziureti-kainu-virsutine-riba\/","title":{"rendered":"Nuoma Airijoje gali kilti, kaip \u201eTaoiseach\u201c si\u016blo per\u017ei\u016br\u0117ti kain\u0173 vir\u0161utin\u0119 rib\u0105"},"content":{"rendered":"<p> <br \/>\n<br \/>Lyderis Miche\u00e1l Martin sako, kad investuotojams reikia didesnio stabilumo, kad investuot\u0173 \u012f b\u016bst\u0105, o tai v\u0117liau gal\u0117t\u0173 suma\u017einti tr\u016bkum\u0105.<br \/>\n<br \/><br \/>\n<br \/><a href=\"https:\/\/www.euronews.com\/business\/2025\/02\/10\/rents-in-ireland-could-rise-as-taoiseach-suggests-review-of-price-cap\">Source link <\/a><\/p>\n","protected":false},"excerpt":{"rendered":"<p>Lyderis Miche\u00e1l Martin sako, kad investuotojams reikia didesnio stabilumo, kad investuot\u0173 \u012f b\u016bst\u0105, o tai v\u0117liau gal\u0117t\u0173 suma\u017einti tr\u016bkum\u0105. Source link<\/p>\n","protected":false},"author":1,"featured_media":0,"comment_status":"","ping_status":"","sticky":false,"template":"","format":"standard","meta":{"om_disable_all_campaigns":false,"_monsterinsights_skip_tracking":false,"_monsterinsights_sitenote_active":false,"_monsterinsights_sitenote_note":"","_monsterinsights_sitenote_category":0,"footnotes":""},"categories":[5],"tags":[3280,248,2449,142,3281,3279,3283,3285,411,3282,3284],"class_list":["post-1411","post","type-post","status-publish","format-standard","hentry","category-ekonomika","tag-airijoje","tag-gali","tag-kainu","tag-kaip","tag-kilti","tag-nuoma","tag-perziureti","tag-riba","tag-siulo","tag-taoiseach","tag-virsutine"],"aioseo_notices":[],"yoast_head":"<!-- This site is optimized with the Yoast SEO plugin v27.4 - https:\/\/yoast.com\/product\/yoast-seo-wordpress\/ -->\n<title>Nuoma Airijoje gali kilti, kaip \u201eTaoiseach\u201c si\u016blo per\u017ei\u016br\u0117ti kain\u0173 vir\u0161utin\u0119 rib\u0105 - VienaPaskola.LT<\/title>\n<meta name=\"robots\" content=\"index, follow, max-snippet:-1, max-image-preview:large, max-video-preview:-1\" \/>\n<link rel=\"canonical\" href=\"https:\/\/vienapaskola.lt\/index.php\/2025\/02\/10\/nuoma-airijoje-gali-kilti-kaip-taoiseach-siulo-perziureti-kainu-virsutine-riba\/\" \/>\n<meta property=\"og:locale\" content=\"lt_LT\" \/>\n<meta property=\"og:type\" content=\"article\" \/>\n<meta property=\"og:title\" content=\"Nuoma Airijoje gali kilti, kaip \u201eTaoiseach\u201c si\u016blo per\u017ei\u016br\u0117ti kain\u0173 vir\u0161utin\u0119 rib\u0105 - VienaPaskola.LT\" \/>\n<meta property=\"og:description\" content=\"Lyderis Miche\u00e1l Martin sako, kad investuotojams reikia didesnio stabilumo, kad investuot\u0173 \u012f b\u016bst\u0105, o tai v\u0117liau gal\u0117t\u0173 suma\u017einti tr\u016bkum\u0105. Source link\" \/>\n<meta property=\"og:url\" content=\"https:\/\/vienapaskola.lt\/index.php\/2025\/02\/10\/nuoma-airijoje-gali-kilti-kaip-taoiseach-siulo-perziureti-kainu-virsutine-riba\/\" \/>\n<meta property=\"og:site_name\" content=\"VienaPaskola.LT\" \/>\n<meta property=\"article:published_time\" content=\"2025-02-10T22:17:23+00:00\" \/>\n<meta name=\"author\" content=\"admin\" \/>\n<meta name=\"twitter:card\" content=\"summary_large_image\" \/>\n<meta name=\"twitter:label1\" content=\"Written by\" \/>\n\t<meta name=\"twitter:data1\" content=\"admin\" \/>\n<script type=\"application\/ld+json\" class=\"yoast-schema-graph\">{\"@context\":\"https:\\\/\\\/schema.org\",\"@graph\":[{\"@type\":\"Article\",\"@id\":\"https:\\\/\\\/vienapaskola.lt\\\/index.php\\\/2025\\\/02\\\/10\\\/nuoma-airijoje-gali-kilti-kaip-taoiseach-siulo-perziureti-kainu-virsutine-riba\\\/#article\",\"isPartOf\":{\"@id\":\"https:\\\/\\\/vienapaskola.lt\\\/index.php\\\/2025\\\/02\\\/10\\\/nuoma-airijoje-gali-kilti-kaip-taoiseach-siulo-perziureti-kainu-virsutine-riba\\\/\"},\"author\":{\"name\":\"admin\",\"@id\":\"https:\\\/\\\/vienapaskola.lt\\\/#\\\/schema\\\/person\\\/fd1e0e3a6f51f419b26be8373355ab9b\"},\"headline\":\"Nuoma Airijoje gali kilti, kaip \u201eTaoiseach\u201c si\u016blo per\u017ei\u016br\u0117ti kain\u0173 vir\u0161utin\u0119 rib\u0105\",\"datePublished\":\"2025-02-10T22:17:23+00:00\",\"mainEntityOfPage\":{\"@id\":\"https:\\\/\\\/vienapaskola.lt\\\/index.php\\\/2025\\\/02\\\/10\\\/nuoma-airijoje-gali-kilti-kaip-taoiseach-siulo-perziureti-kainu-virsutine-riba\\\/\"},\"wordCount\":44,\"keywords\":[\"Airijoje\",\"gali\",\"kain\u0173\",\"kaip\",\"kilti\",\"Nuoma\",\"per\u017ei\u016br\u0117ti\",\"rib\u0105\",\"si\u016blo\",\"Taoiseach\",\"vir\u0161utin\u0119\"],\"articleSection\":[\"EKONOMIKA\"],\"inLanguage\":\"lt-LT\"},{\"@type\":\"WebPage\",\"@id\":\"https:\\\/\\\/vienapaskola.lt\\\/index.php\\\/2025\\\/02\\\/10\\\/nuoma-airijoje-gali-kilti-kaip-taoiseach-siulo-perziureti-kainu-virsutine-riba\\\/\",\"url\":\"https:\\\/\\\/vienapaskola.lt\\\/index.php\\\/2025\\\/02\\\/10\\\/nuoma-airijoje-gali-kilti-kaip-taoiseach-siulo-perziureti-kainu-virsutine-riba\\\/\",\"name\":\"Nuoma Airijoje gali kilti, kaip \u201eTaoiseach\u201c si\u016blo per\u017ei\u016br\u0117ti kain\u0173 vir\u0161utin\u0119 rib\u0105 - VienaPaskola.LT\",\"isPartOf\":{\"@id\":\"https:\\\/\\\/vienapaskola.lt\\\/#website\"},\"datePublished\":\"2025-02-10T22:17:23+00:00\",\"author\":{\"@id\":\"https:\\\/\\\/vienapaskola.lt\\\/#\\\/schema\\\/person\\\/fd1e0e3a6f51f419b26be8373355ab9b\"},\"breadcrumb\":{\"@id\":\"https:\\\/\\\/vienapaskola.lt\\\/index.php\\\/2025\\\/02\\\/10\\\/nuoma-airijoje-gali-kilti-kaip-taoiseach-siulo-perziureti-kainu-virsutine-riba\\\/#breadcrumb\"},\"inLanguage\":\"lt-LT\",\"potentialAction\":[{\"@type\":\"ReadAction\",\"target\":[\"https:\\\/\\\/vienapaskola.lt\\\/index.php\\\/2025\\\/02\\\/10\\\/nuoma-airijoje-gali-kilti-kaip-taoiseach-siulo-perziureti-kainu-virsutine-riba\\\/\"]}]},{\"@type\":\"BreadcrumbList\",\"@id\":\"https:\\\/\\\/vienapaskola.lt\\\/index.php\\\/2025\\\/02\\\/10\\\/nuoma-airijoje-gali-kilti-kaip-taoiseach-siulo-perziureti-kainu-virsutine-riba\\\/#breadcrumb\",\"itemListElement\":[{\"@type\":\"ListItem\",\"position\":1,\"name\":\"Home\",\"item\":\"https:\\\/\\\/vienapaskola.lt\\\/\"},{\"@type\":\"ListItem\",\"position\":2,\"name\":\"Nuoma Airijoje gali kilti, kaip \u201eTaoiseach\u201c si\u016blo per\u017ei\u016br\u0117ti kain\u0173 vir\u0161utin\u0119 rib\u0105\"}]},{\"@type\":\"WebSite\",\"@id\":\"https:\\\/\\\/vienapaskola.lt\\\/#website\",\"url\":\"https:\\\/\\\/vienapaskola.lt\\\/\",\"name\":\"VienaPaskola.LT\",\"description\":\"Finansai,ekonomika,technologijos\",\"potentialAction\":[{\"@type\":\"SearchAction\",\"target\":{\"@type\":\"EntryPoint\",\"urlTemplate\":\"https:\\\/\\\/vienapaskola.lt\\\/?s={search_term_string}\"},\"query-input\":{\"@type\":\"PropertyValueSpecification\",\"valueRequired\":true,\"valueName\":\"search_term_string\"}}],\"inLanguage\":\"lt-LT\"},{\"@type\":\"Person\",\"@id\":\"https:\\\/\\\/vienapaskola.lt\\\/#\\\/schema\\\/person\\\/fd1e0e3a6f51f419b26be8373355ab9b\",\"name\":\"admin\",\"image\":{\"@type\":\"ImageObject\",\"inLanguage\":\"lt-LT\",\"@id\":\"https:\\\/\\\/secure.gravatar.com\\\/avatar\\\/f37349f777250847d2fca2ada474f5a6aadffa79d5284e8ad354a5c410a691ec?s=96&d=mm&r=g\",\"url\":\"https:\\\/\\\/secure.gravatar.com\\\/avatar\\\/f37349f777250847d2fca2ada474f5a6aadffa79d5284e8ad354a5c410a691ec?s=96&d=mm&r=g\",\"contentUrl\":\"https:\\\/\\\/secure.gravatar.com\\\/avatar\\\/f37349f777250847d2fca2ada474f5a6aadffa79d5284e8ad354a5c410a691ec?s=96&d=mm&r=g\",\"caption\":\"admin\"},\"sameAs\":[\"https:\\\/\\\/vienapaskola.lt\"],\"url\":\"https:\\\/\\\/vienapaskola.lt\\\/index.php\\\/author\\\/admin\\\/\"}]}<\/script>\n<!-- \/ Yoast SEO plugin. -->","yoast_head_json":{"title":"Nuoma Airijoje gali kilti, kaip \u201eTaoiseach\u201c si\u016blo per\u017ei\u016br\u0117ti kain\u0173 vir\u0161utin\u0119 rib\u0105 - VienaPaskola.LT","robots":{"index":"index","follow":"follow","max-snippet":"max-snippet:-1","max-image-preview":"max-image-preview:large","max-video-preview":"max-video-preview:-1"},"canonical":"https:\/\/vienapaskola.lt\/index.php\/2025\/02\/10\/nuoma-airijoje-gali-kilti-kaip-taoiseach-siulo-perziureti-kainu-virsutine-riba\/","og_locale":"lt_LT","og_type":"article","og_title":"Nuoma Airijoje gali kilti, kaip \u201eTaoiseach\u201c si\u016blo per\u017ei\u016br\u0117ti kain\u0173 vir\u0161utin\u0119 rib\u0105 - VienaPaskola.LT","og_description":"Lyderis Miche\u00e1l Martin sako, kad investuotojams reikia didesnio stabilumo, kad investuot\u0173 \u012f b\u016bst\u0105, o tai v\u0117liau gal\u0117t\u0173 suma\u017einti tr\u016bkum\u0105. Source link","og_url":"https:\/\/vienapaskola.lt\/index.php\/2025\/02\/10\/nuoma-airijoje-gali-kilti-kaip-taoiseach-siulo-perziureti-kainu-virsutine-riba\/","og_site_name":"VienaPaskola.LT","article_published_time":"2025-02-10T22:17:23+00:00","author":"admin","twitter_card":"summary_large_image","twitter_misc":{"Written by":"admin"},"schema":{"@context":"https:\/\/schema.org","@graph":[{"@type":"Article","@id":"https:\/\/vienapaskola.lt\/index.php\/2025\/02\/10\/nuoma-airijoje-gali-kilti-kaip-taoiseach-siulo-perziureti-kainu-virsutine-riba\/#article","isPartOf":{"@id":"https:\/\/vienapaskola.lt\/index.php\/2025\/02\/10\/nuoma-airijoje-gali-kilti-kaip-taoiseach-siulo-perziureti-kainu-virsutine-riba\/"},"author":{"name":"admin","@id":"https:\/\/vienapaskola.lt\/#\/schema\/person\/fd1e0e3a6f51f419b26be8373355ab9b"},"headline":"Nuoma Airijoje gali kilti, kaip \u201eTaoiseach\u201c si\u016blo per\u017ei\u016br\u0117ti kain\u0173 vir\u0161utin\u0119 rib\u0105","datePublished":"2025-02-10T22:17:23+00:00","mainEntityOfPage":{"@id":"https:\/\/vienapaskola.lt\/index.php\/2025\/02\/10\/nuoma-airijoje-gali-kilti-kaip-taoiseach-siulo-perziureti-kainu-virsutine-riba\/"},"wordCount":44,"keywords":["Airijoje","gali","kain\u0173","kaip","kilti","Nuoma","per\u017ei\u016br\u0117ti","rib\u0105","si\u016blo","Taoiseach","vir\u0161utin\u0119"],"articleSection":["EKONOMIKA"],"inLanguage":"lt-LT"},{"@type":"WebPage","@id":"https:\/\/vienapaskola.lt\/index.php\/2025\/02\/10\/nuoma-airijoje-gali-kilti-kaip-taoiseach-siulo-perziureti-kainu-virsutine-riba\/","url":"https:\/\/vienapaskola.lt\/index.php\/2025\/02\/10\/nuoma-airijoje-gali-kilti-kaip-taoiseach-siulo-perziureti-kainu-virsutine-riba\/","name":"Nuoma Airijoje gali kilti, kaip \u201eTaoiseach\u201c si\u016blo per\u017ei\u016br\u0117ti kain\u0173 vir\u0161utin\u0119 rib\u0105 - VienaPaskola.LT","isPartOf":{"@id":"https:\/\/vienapaskola.lt\/#website"},"datePublished":"2025-02-10T22:17:23+00:00","author":{"@id":"https:\/\/vienapaskola.lt\/#\/schema\/person\/fd1e0e3a6f51f419b26be8373355ab9b"},"breadcrumb":{"@id":"https:\/\/vienapaskola.lt\/index.php\/2025\/02\/10\/nuoma-airijoje-gali-kilti-kaip-taoiseach-siulo-perziureti-kainu-virsutine-riba\/#breadcrumb"},"inLanguage":"lt-LT","potentialAction":[{"@type":"ReadAction","target":["https:\/\/vienapaskola.lt\/index.php\/2025\/02\/10\/nuoma-airijoje-gali-kilti-kaip-taoiseach-siulo-perziureti-kainu-virsutine-riba\/"]}]},{"@type":"BreadcrumbList","@id":"https:\/\/vienapaskola.lt\/index.php\/2025\/02\/10\/nuoma-airijoje-gali-kilti-kaip-taoiseach-siulo-perziureti-kainu-virsutine-riba\/#breadcrumb","itemListElement":[{"@type":"ListItem","position":1,"name":"Home","item":"https:\/\/vienapaskola.lt\/"},{"@type":"ListItem","position":2,"name":"Nuoma Airijoje gali kilti, kaip \u201eTaoiseach\u201c si\u016blo per\u017ei\u016br\u0117ti kain\u0173 vir\u0161utin\u0119 rib\u0105"}]},{"@type":"WebSite","@id":"https:\/\/vienapaskola.lt\/#website","url":"https:\/\/vienapaskola.lt\/","name":"VienaPaskola.LT","description":"Finansai,ekonomika,technologijos","potentialAction":[{"@type":"SearchAction","target":{"@type":"EntryPoint","urlTemplate":"https:\/\/vienapaskola.lt\/?s={search_term_string}"},"query-input":{"@type":"PropertyValueSpecification","valueRequired":true,"valueName":"search_term_string"}}],"inLanguage":"lt-LT"},{"@type":"Person","@id":"https:\/\/vienapaskola.lt\/#\/schema\/person\/fd1e0e3a6f51f419b26be8373355ab9b","name":"admin","image":{"@type":"ImageObject","inLanguage":"lt-LT","@id":"https:\/\/secure.gravatar.com\/avatar\/f37349f777250847d2fca2ada474f5a6aadffa79d5284e8ad354a5c410a691ec?s=96&d=mm&r=g","url":"https:\/\/secure.gravatar.com\/avatar\/f37349f777250847d2fca2ada474f5a6aadffa79d5284e8ad354a5c410a691ec?s=96&d=mm&r=g","contentUrl":"https:\/\/secure.gravatar.com\/avatar\/f37349f777250847d2fca2ada474f5a6aadffa79d5284e8ad354a5c410a691ec?s=96&d=mm&r=g","caption":"admin"},"sameAs":["https:\/\/vienapaskola.lt"],"url":"https:\/\/vienapaskola.lt\/index.php\/author\/admin\/"}]}},"_links":{"self":[{"href":"https:\/\/vienapaskola.lt\/index.php\/wp-json\/wp\/v2\/posts\/1411","targetHints":{"allow":["GET"]}}],"collection":[{"href":"https:\/\/vienapaskola.lt\/index.php\/wp-json\/wp\/v2\/posts"}],"about":[{"href":"https:\/\/vienapaskola.lt\/index.php\/wp-json\/wp\/v2\/types\/post"}],"author":[{"embeddable":true,"href":"https:\/\/vienapaskola.lt\/index.php\/wp-json\/wp\/v2\/users\/1"}],"replies":[{"embeddable":true,"href":"https:\/\/vienapaskola.lt\/index.php\/wp-json\/wp\/v2\/comments?post=1411"}],"version-history":[{"count":0,"href":"https:\/\/vienapaskola.lt\/index.php\/wp-json\/wp\/v2\/posts\/1411\/revisions"}],"wp:attachment":[{"href":"https:\/\/vienapaskola.lt\/index.php\/wp-json\/wp\/v2\/media?parent=1411"}],"wp:term":[{"taxonomy":"category","embeddable":true,"href":"https:\/\/vienapaskola.lt\/index.php\/wp-json\/wp\/v2\/categories?post=1411"},{"taxonomy":"post_tag","embeddable":true,"href":"https:\/\/vienapaskola.lt\/index.php\/wp-json\/wp\/v2\/tags?post=1411"}],"curies":[{"name":"wp","href":"https:\/\/api.w.org\/{rel}","templated":true}]}}