{"id":1426,"date":"2025-02-11T14:22:59","date_gmt":"2025-02-11T14:22:59","guid":{"rendered":"https:\/\/vienapaskola.lt\/index.php\/2025\/02\/11\/anthropic-generalinis-direktorius-dario-amodei-ai-veiksmo-virsuniu-susitikima-vadina-praleista-galimybe\/"},"modified":"2025-02-11T14:22:59","modified_gmt":"2025-02-11T14:22:59","slug":"anthropic-generalinis-direktorius-dario-amodei-ai-veiksmo-virsuniu-susitikima-vadina-praleista-galimybe","status":"publish","type":"post","link":"https:\/\/vienapaskola.lt\/index.php\/2025\/02\/11\/anthropic-generalinis-direktorius-dario-amodei-ai-veiksmo-virsuniu-susitikima-vadina-praleista-galimybe\/","title":{"rendered":"\u201eAnthropic\u201c generalinis direktorius Dario Amodei AI veiksmo vir\u0161\u016bni\u0173 susitikim\u0105 vadina \u201epraleista galimybe\u201c"},"content":{"rendered":"<p> <br \/>\n<\/p>\n<div>\n<p id=\"speakable-summary\" class=\"wp-block-paragraph\">Antradienio prane\u0161ime Dario Amodei, AI startuolio \u201eAnthropic\u201c generalinis direktorius, \u0161i\u0105 savait\u0119 Pary\u017eiuje AI veiksmo vir\u0161\u016bni\u0173 susitikime pavadino \u201epraleista galimybe\u201c ir paragino AI pramon\u0119 &#8211; ir vyriausyb\u0119 &#8211; \u201ejud\u0117ti grei\u010diau ir labiau ai\u0161kiai\u201c. <\/p>\n<p class=\"wp-block-paragraph\">\u201eMums buvo malonu dalyvauti AI veiksmo vir\u0161\u016bni\u0173 susitikime Pary\u017eiuje ir mes vertiname Pranc\u016bzijos vyriausyb\u0117s pastangas suburti AI kompanijas, tyr\u0117jus ir politikos formuotojus i\u0161 viso pasaulio\u201c, &#8211; teig\u0117 Amodei. \u201eVis d\u0117lto reikia daugiau d\u0117mesio ir skubumo kelioms temoms, atsi\u017evelgiant \u012f tai, kokiu tempu technologija progresuoja\u201c.<\/p>\n<p class=\"wp-block-paragraph\">Amodei kritika d\u0117l AI veiksmo vir\u0161\u016bni\u0173 susitikimo, naujausio i\u0161 konferencij\u0173, kurios sub\u016br\u0117 AI \u012fmones ir reguliavimo institucijas, bandydama susitarti d\u0117l AI valdymo, pakartoja kelis akademikus anks\u010diau \u0161i\u0105 savait\u0119. Vienas pasakojo \u201eTransformeriui\u201c, kad konferencijos \u012fsipareigojimai, kuriuos JAV ir JK atsisak\u0117 pasira\u0161yti, sak\u0117 \u201ei\u0161 tikr\u0173j\u0173 nieko, i\u0161skyrus platum\u0105\u201c.<\/p>\n<p class=\"wp-block-paragraph\">Komentaruose konferencijoje JAV viceprezidentas JD Vance laik\u0117si visi\u0161kai kitokios pozicijos ir pasmerk\u0117 tai, k\u0105 jis apib\u016bdino kaip \u201emasinius\u201c, ir grie\u017etus reglamentus AI, kuri\u0105 palaik\u0117 Europa. Vance taip pat \u0117m\u0117si problem\u0173 d\u0117l turinio, nurodydamas \u201etvari\u0105\u201c ir \u201e\u012ftraukian\u010di\u0105\u201c formuluot\u0119 konferencijos \u012fsipareigojimuose, kuriuos jis atmet\u0117 kaip \u201eautoritarin\u0119 cenz\u016br\u0105\u201c.<\/p>\n<p class=\"wp-block-paragraph\">Amodei savo parei\u0161kime persp\u0117jo, kad AI spar\u010diai tampa sud\u0117tingesn\u0117 ir kad nesugeb\u0117jimas jo reguliuoti gali sukelti pra\u017e\u016bting\u0173 padarini\u0173. <\/p>\n<p class=\"wp-block-paragraph\">\u201eAI sistem\u0173 galimyb\u0117s bus geriausiai galvojamos kaip pana\u0161ios \u012f visi\u0161kai nauj\u0105 valstyb\u0119, kuri\u0105 apgyvendina labai intelektual\u016bs \u017emon\u0117s, atsirandantys pasaulin\u0117je arenoje\u201c, &#8211; teig\u0117 Amodei. \u201eI\u0161pl\u0117stin\u0117 AI kelia didelius pasaulinius saugumo pavojus, pradedant nuo netinkamo AI sistem\u0173 naudojimo nevalstybiniais veik\u0117jais &#8230; Turime u\u017etikrinti, kad Demokratin\u0117s visuomen\u0117s b\u016bt\u0173 vadovaujamos AI, ir kad autoritarin\u0117s \u0161alys to nenaudoja siekdamos nustatyti pasaulin\u012f karin\u012f dominavim\u0105\u201c.<\/p>\n<p class=\"wp-block-paragraph\">Amodei paragino vyriausybes diegti savo i\u0161teklius, kad b\u016bt\u0173 galima \u012fvertinti AI naudojim\u0105, ir \u012fgyvendinti politik\u0105, skirt\u0105 \u201eu\u017etikrinti, kad visi labai galingos PG ekonominiai (pakilimai) dalijasi\u201c. Jis taip pat teig\u0117 d\u0117l didesnio vyriausyb\u0117s skaidrumo, kai kalbama apie AI saugum\u0105 ir saugum\u0105, taip pat planuoja \u012fvertinti AI rizik\u0105.<\/p>\n<p class=\"wp-block-paragraph\">Amodei \u012fvertino Pary\u017eiaus AI vir\u0161\u016bni\u0173 susitikimo proces\u0105, prie\u0161ingai nei \u201eOpenai\u201c, kuris \u0161\u012f savaitgal\u012f parei\u0161k\u0117, kad buvo \u012fsitikinusi, jog konferencija bus \u201edar vienas svarbus etapas atsakingam ir naudingam AI vystymuisi visiems\u201c.<\/p>\n<p class=\"wp-block-paragraph\">Anks\u010diau \u201eAnthropic\u201c paprastai parod\u0117 daugiau atvirum\u0105 AI reguliavimui. I\u0161 tikr\u0173j\u0173 \u201eAmodei\u201c anks\u010diau pateik\u0117 pana\u0161ius parei\u0161kimus, \u012fsp\u0117damas, kad nevar\u017eomai AI gal\u0117jo tur\u0117ti nepaprastai neigiam\u0173 ekonomini\u0173, visuomen\u0117s ir saugumo padarini\u0173. \u201eAnthropic\u201c buvo viena i\u0161 nedaugelio AI kompanij\u0173, kurios tyliai patvirtino Kalifornijos SB 1047, i\u0161sami\u0105 ir kar\u0161tai diskutuojam\u0105 &#8211; AI reguliavimo \u012fstatym\u0105. \u201eOpenai\u201c prie\u0161inosi \u012fstatymo projektui, kur\u012f pra\u0117jus\u012f ruden\u012f vetavo gubernatorius Gary Newsomas.<\/p>\n<p class=\"wp-block-paragraph\">Tai nerei\u0161kia, kad \u201eAnthropic\u201c motyvai yra grynai filantropiniai. Kaip ir \u201eOpenai\u201c generalinis direktorius Samas Altmanas savo naujausiame ra\u0161inyje, \u201eAmodei\u201c nesi\u016blo joki\u0173 konkre\u010di\u0173 rekomendacij\u0173, kaip u\u017etikrinti galingos AI naud\u0105, jei ji atsirast\u0173 artimiausiu metu, yra pla\u010diai ir tolygiai paskirstomi.<\/p>\n<p class=\"wp-block-paragraph\"><em>Perskaitykite vis\u0105 m\u016bs\u0173 dirbtinio \u017evalgybos veiksmo vir\u0161\u016bni\u0173 susitikim\u0105 Pary\u017eiuje.<\/em><\/p>\n<\/div>\n<p><br \/>\n<br \/><a href=\"https:\/\/techcrunch.com\/2025\/02\/11\/anthropic-ceo-dario-amodei-calls-the-ai-action-summit-a-missed-opportunity\/\">Source link <\/a><\/p>\n","protected":false},"excerpt":{"rendered":"<p>Antradienio prane\u0161ime Dario Amodei, AI startuolio \u201eAnthropic\u201c generalinis direktorius, \u0161i\u0105 savait\u0119 Pary\u017eiuje AI veiksmo vir\u0161\u016bni\u0173 susitikime pavadino \u201epraleista galimybe\u201c ir paragino AI pramon\u0119 &#8211; ir vyriausyb\u0119 &#8211; \u201ejud\u0117ti grei\u010diau ir labiau ai\u0161kiai\u201c. \u201eMums buvo malonu dalyvauti AI veiksmo vir\u0161\u016bni\u0173 susitikime Pary\u017eiuje ir mes vertiname Pranc\u016bzijos vyriausyb\u0117s pastangas suburti AI kompanijas, tyr\u0117jus ir politikos formuotojus i\u0161 [&hellip;]<\/p>\n","protected":false},"author":1,"featured_media":1359,"comment_status":"","ping_status":"","sticky":false,"template":"","format":"standard","meta":{"om_disable_all_campaigns":false,"_monsterinsights_skip_tracking":false,"_monsterinsights_sitenote_active":false,"_monsterinsights_sitenote_note":"","_monsterinsights_sitenote_category":0,"footnotes":""},"categories":[4],"tags":[3315,514,3314,637,1291,636,3319,3317,3318,3316,3004],"class_list":["post-1426","post","type-post","status-publish","format-standard","has-post-thumbnail","hentry","category-technologijos","tag-amodei","tag-anthropic","tag-dario","tag-direktorius","tag-galimybe","tag-generalinis","tag-praleista","tag-susitikima","tag-vadina","tag-veiksmo","tag-virsuniu"],"aioseo_notices":[],"yoast_head":"<!-- This site is optimized with the Yoast SEO plugin v27.4 - https:\/\/yoast.com\/product\/yoast-seo-wordpress\/ -->\n<title>\u201eAnthropic\u201c generalinis direktorius Dario Amodei AI veiksmo vir\u0161\u016bni\u0173 susitikim\u0105 vadina \u201epraleista galimybe\u201c - VienaPaskola.LT<\/title>\n<meta name=\"robots\" content=\"index, follow, max-snippet:-1, max-image-preview:large, max-video-preview:-1\" \/>\n<link rel=\"canonical\" href=\"https:\/\/vienapaskola.lt\/index.php\/2025\/02\/11\/anthropic-generalinis-direktorius-dario-amodei-ai-veiksmo-virsuniu-susitikima-vadina-praleista-galimybe\/\" \/>\n<meta property=\"og:locale\" content=\"lt_LT\" \/>\n<meta property=\"og:type\" content=\"article\" \/>\n<meta property=\"og:title\" content=\"\u201eAnthropic\u201c generalinis direktorius Dario Amodei AI veiksmo vir\u0161\u016bni\u0173 susitikim\u0105 vadina \u201epraleista galimybe\u201c - VienaPaskola.LT\" \/>\n<meta property=\"og:description\" content=\"Antradienio prane\u0161ime Dario Amodei, AI startuolio \u201eAnthropic\u201c generalinis direktorius, \u0161i\u0105 savait\u0119 Pary\u017eiuje AI veiksmo vir\u0161\u016bni\u0173 susitikime pavadino \u201epraleista galimybe\u201c ir paragino AI pramon\u0119 &#8211; ir vyriausyb\u0119 &#8211; \u201ejud\u0117ti grei\u010diau ir labiau ai\u0161kiai\u201c. \u201eMums buvo malonu dalyvauti AI veiksmo vir\u0161\u016bni\u0173 susitikime Pary\u017eiuje ir mes vertiname Pranc\u016bzijos vyriausyb\u0117s pastangas suburti AI kompanijas, tyr\u0117jus ir politikos formuotojus i\u0161 [&hellip;]\" \/>\n<meta property=\"og:url\" content=\"https:\/\/vienapaskola.lt\/index.php\/2025\/02\/11\/anthropic-generalinis-direktorius-dario-amodei-ai-veiksmo-virsuniu-susitikima-vadina-praleista-galimybe\/\" \/>\n<meta property=\"og:site_name\" content=\"VienaPaskola.LT\" \/>\n<meta property=\"article:published_time\" content=\"2025-02-11T14:22:59+00:00\" \/>\n<meta name=\"author\" content=\"admin\" \/>\n<meta name=\"twitter:card\" content=\"summary_large_image\" \/>\n<meta name=\"twitter:label1\" content=\"Written by\" \/>\n\t<meta name=\"twitter:data1\" content=\"admin\" \/>\n\t<meta name=\"twitter:label2\" content=\"Est. reading time\" \/>\n\t<meta name=\"twitter:data2\" content=\"3 minut\u0117s\" \/>\n<script type=\"application\/ld+json\" class=\"yoast-schema-graph\">{\"@context\":\"https:\\\/\\\/schema.org\",\"@graph\":[{\"@type\":\"Article\",\"@id\":\"https:\\\/\\\/vienapaskola.lt\\\/index.php\\\/2025\\\/02\\\/11\\\/anthropic-generalinis-direktorius-dario-amodei-ai-veiksmo-virsuniu-susitikima-vadina-praleista-galimybe\\\/#article\",\"isPartOf\":{\"@id\":\"https:\\\/\\\/vienapaskola.lt\\\/index.php\\\/2025\\\/02\\\/11\\\/anthropic-generalinis-direktorius-dario-amodei-ai-veiksmo-virsuniu-susitikima-vadina-praleista-galimybe\\\/\"},\"author\":{\"name\":\"admin\",\"@id\":\"https:\\\/\\\/vienapaskola.lt\\\/#\\\/schema\\\/person\\\/fd1e0e3a6f51f419b26be8373355ab9b\"},\"headline\":\"\u201eAnthropic\u201c generalinis direktorius Dario Amodei AI veiksmo vir\u0161\u016bni\u0173 susitikim\u0105 vadina \u201epraleista galimybe\u201c\",\"datePublished\":\"2025-02-11T14:22:59+00:00\",\"mainEntityOfPage\":{\"@id\":\"https:\\\/\\\/vienapaskola.lt\\\/index.php\\\/2025\\\/02\\\/11\\\/anthropic-generalinis-direktorius-dario-amodei-ai-veiksmo-virsuniu-susitikima-vadina-praleista-galimybe\\\/\"},\"wordCount\":520,\"image\":{\"@id\":\"https:\\\/\\\/vienapaskola.lt\\\/index.php\\\/2025\\\/02\\\/11\\\/anthropic-generalinis-direktorius-dario-amodei-ai-veiksmo-virsuniu-susitikima-vadina-praleista-galimybe\\\/#primaryimage\"},\"thumbnailUrl\":\"https:\\\/\\\/vienapaskola.lt\\\/wp-content\\\/uploads\\\/2025\\\/02\\\/\u201eAnthropic-generalinis-direktorius-sako.jpg\",\"keywords\":[\"Amodei\",\"Anthropic\",\"Dario\",\"direktorius\",\"galimyb\u0117\",\"generalinis\",\"praleista\",\"susitikim\u0105\",\"vadina\",\"veiksmo\",\"vir\u0161\u016bni\u0173\"],\"articleSection\":[\"TECHNOLOGIJOS\"],\"inLanguage\":\"lt-LT\"},{\"@type\":\"WebPage\",\"@id\":\"https:\\\/\\\/vienapaskola.lt\\\/index.php\\\/2025\\\/02\\\/11\\\/anthropic-generalinis-direktorius-dario-amodei-ai-veiksmo-virsuniu-susitikima-vadina-praleista-galimybe\\\/\",\"url\":\"https:\\\/\\\/vienapaskola.lt\\\/index.php\\\/2025\\\/02\\\/11\\\/anthropic-generalinis-direktorius-dario-amodei-ai-veiksmo-virsuniu-susitikima-vadina-praleista-galimybe\\\/\",\"name\":\"\u201eAnthropic\u201c generalinis direktorius Dario Amodei AI veiksmo vir\u0161\u016bni\u0173 susitikim\u0105 vadina \u201epraleista galimybe\u201c - VienaPaskola.LT\",\"isPartOf\":{\"@id\":\"https:\\\/\\\/vienapaskola.lt\\\/#website\"},\"primaryImageOfPage\":{\"@id\":\"https:\\\/\\\/vienapaskola.lt\\\/index.php\\\/2025\\\/02\\\/11\\\/anthropic-generalinis-direktorius-dario-amodei-ai-veiksmo-virsuniu-susitikima-vadina-praleista-galimybe\\\/#primaryimage\"},\"image\":{\"@id\":\"https:\\\/\\\/vienapaskola.lt\\\/index.php\\\/2025\\\/02\\\/11\\\/anthropic-generalinis-direktorius-dario-amodei-ai-veiksmo-virsuniu-susitikima-vadina-praleista-galimybe\\\/#primaryimage\"},\"thumbnailUrl\":\"https:\\\/\\\/vienapaskola.lt\\\/wp-content\\\/uploads\\\/2025\\\/02\\\/\u201eAnthropic-generalinis-direktorius-sako.jpg\",\"datePublished\":\"2025-02-11T14:22:59+00:00\",\"author\":{\"@id\":\"https:\\\/\\\/vienapaskola.lt\\\/#\\\/schema\\\/person\\\/fd1e0e3a6f51f419b26be8373355ab9b\"},\"breadcrumb\":{\"@id\":\"https:\\\/\\\/vienapaskola.lt\\\/index.php\\\/2025\\\/02\\\/11\\\/anthropic-generalinis-direktorius-dario-amodei-ai-veiksmo-virsuniu-susitikima-vadina-praleista-galimybe\\\/#breadcrumb\"},\"inLanguage\":\"lt-LT\",\"potentialAction\":[{\"@type\":\"ReadAction\",\"target\":[\"https:\\\/\\\/vienapaskola.lt\\\/index.php\\\/2025\\\/02\\\/11\\\/anthropic-generalinis-direktorius-dario-amodei-ai-veiksmo-virsuniu-susitikima-vadina-praleista-galimybe\\\/\"]}]},{\"@type\":\"ImageObject\",\"inLanguage\":\"lt-LT\",\"@id\":\"https:\\\/\\\/vienapaskola.lt\\\/index.php\\\/2025\\\/02\\\/11\\\/anthropic-generalinis-direktorius-dario-amodei-ai-veiksmo-virsuniu-susitikima-vadina-praleista-galimybe\\\/#primaryimage\",\"url\":\"https:\\\/\\\/vienapaskola.lt\\\/wp-content\\\/uploads\\\/2025\\\/02\\\/\u201eAnthropic-generalinis-direktorius-sako.jpg\",\"contentUrl\":\"https:\\\/\\\/vienapaskola.lt\\\/wp-content\\\/uploads\\\/2025\\\/02\\\/\u201eAnthropic-generalinis-direktorius-sako.jpg\",\"width\":1200,\"height\":800},{\"@type\":\"BreadcrumbList\",\"@id\":\"https:\\\/\\\/vienapaskola.lt\\\/index.php\\\/2025\\\/02\\\/11\\\/anthropic-generalinis-direktorius-dario-amodei-ai-veiksmo-virsuniu-susitikima-vadina-praleista-galimybe\\\/#breadcrumb\",\"itemListElement\":[{\"@type\":\"ListItem\",\"position\":1,\"name\":\"Home\",\"item\":\"https:\\\/\\\/vienapaskola.lt\\\/\"},{\"@type\":\"ListItem\",\"position\":2,\"name\":\"\u201eAnthropic\u201c generalinis direktorius Dario Amodei AI veiksmo vir\u0161\u016bni\u0173 susitikim\u0105 vadina \u201epraleista galimybe\u201c\"}]},{\"@type\":\"WebSite\",\"@id\":\"https:\\\/\\\/vienapaskola.lt\\\/#website\",\"url\":\"https:\\\/\\\/vienapaskola.lt\\\/\",\"name\":\"VienaPaskola.LT\",\"description\":\"Finansai,ekonomika,technologijos\",\"potentialAction\":[{\"@type\":\"SearchAction\",\"target\":{\"@type\":\"EntryPoint\",\"urlTemplate\":\"https:\\\/\\\/vienapaskola.lt\\\/?s={search_term_string}\"},\"query-input\":{\"@type\":\"PropertyValueSpecification\",\"valueRequired\":true,\"valueName\":\"search_term_string\"}}],\"inLanguage\":\"lt-LT\"},{\"@type\":\"Person\",\"@id\":\"https:\\\/\\\/vienapaskola.lt\\\/#\\\/schema\\\/person\\\/fd1e0e3a6f51f419b26be8373355ab9b\",\"name\":\"admin\",\"image\":{\"@type\":\"ImageObject\",\"inLanguage\":\"lt-LT\",\"@id\":\"https:\\\/\\\/secure.gravatar.com\\\/avatar\\\/f37349f777250847d2fca2ada474f5a6aadffa79d5284e8ad354a5c410a691ec?s=96&d=mm&r=g\",\"url\":\"https:\\\/\\\/secure.gravatar.com\\\/avatar\\\/f37349f777250847d2fca2ada474f5a6aadffa79d5284e8ad354a5c410a691ec?s=96&d=mm&r=g\",\"contentUrl\":\"https:\\\/\\\/secure.gravatar.com\\\/avatar\\\/f37349f777250847d2fca2ada474f5a6aadffa79d5284e8ad354a5c410a691ec?s=96&d=mm&r=g\",\"caption\":\"admin\"},\"sameAs\":[\"https:\\\/\\\/vienapaskola.lt\"],\"url\":\"https:\\\/\\\/vienapaskola.lt\\\/index.php\\\/author\\\/admin\\\/\"}]}<\/script>\n<!-- \/ Yoast SEO plugin. -->","yoast_head_json":{"title":"\u201eAnthropic\u201c generalinis direktorius Dario Amodei AI veiksmo vir\u0161\u016bni\u0173 susitikim\u0105 vadina \u201epraleista galimybe\u201c - VienaPaskola.LT","robots":{"index":"index","follow":"follow","max-snippet":"max-snippet:-1","max-image-preview":"max-image-preview:large","max-video-preview":"max-video-preview:-1"},"canonical":"https:\/\/vienapaskola.lt\/index.php\/2025\/02\/11\/anthropic-generalinis-direktorius-dario-amodei-ai-veiksmo-virsuniu-susitikima-vadina-praleista-galimybe\/","og_locale":"lt_LT","og_type":"article","og_title":"\u201eAnthropic\u201c generalinis direktorius Dario Amodei AI veiksmo vir\u0161\u016bni\u0173 susitikim\u0105 vadina \u201epraleista galimybe\u201c - VienaPaskola.LT","og_description":"Antradienio prane\u0161ime Dario Amodei, AI startuolio \u201eAnthropic\u201c generalinis direktorius, \u0161i\u0105 savait\u0119 Pary\u017eiuje AI veiksmo vir\u0161\u016bni\u0173 susitikime pavadino \u201epraleista galimybe\u201c ir paragino AI pramon\u0119 &#8211; ir vyriausyb\u0119 &#8211; \u201ejud\u0117ti grei\u010diau ir labiau ai\u0161kiai\u201c. \u201eMums buvo malonu dalyvauti AI veiksmo vir\u0161\u016bni\u0173 susitikime Pary\u017eiuje ir mes vertiname Pranc\u016bzijos vyriausyb\u0117s pastangas suburti AI kompanijas, tyr\u0117jus ir politikos formuotojus i\u0161 [&hellip;]","og_url":"https:\/\/vienapaskola.lt\/index.php\/2025\/02\/11\/anthropic-generalinis-direktorius-dario-amodei-ai-veiksmo-virsuniu-susitikima-vadina-praleista-galimybe\/","og_site_name":"VienaPaskola.LT","article_published_time":"2025-02-11T14:22:59+00:00","author":"admin","twitter_card":"summary_large_image","twitter_misc":{"Written by":"admin","Est. reading time":"3 minut\u0117s"},"schema":{"@context":"https:\/\/schema.org","@graph":[{"@type":"Article","@id":"https:\/\/vienapaskola.lt\/index.php\/2025\/02\/11\/anthropic-generalinis-direktorius-dario-amodei-ai-veiksmo-virsuniu-susitikima-vadina-praleista-galimybe\/#article","isPartOf":{"@id":"https:\/\/vienapaskola.lt\/index.php\/2025\/02\/11\/anthropic-generalinis-direktorius-dario-amodei-ai-veiksmo-virsuniu-susitikima-vadina-praleista-galimybe\/"},"author":{"name":"admin","@id":"https:\/\/vienapaskola.lt\/#\/schema\/person\/fd1e0e3a6f51f419b26be8373355ab9b"},"headline":"\u201eAnthropic\u201c generalinis direktorius Dario Amodei AI veiksmo vir\u0161\u016bni\u0173 susitikim\u0105 vadina \u201epraleista galimybe\u201c","datePublished":"2025-02-11T14:22:59+00:00","mainEntityOfPage":{"@id":"https:\/\/vienapaskola.lt\/index.php\/2025\/02\/11\/anthropic-generalinis-direktorius-dario-amodei-ai-veiksmo-virsuniu-susitikima-vadina-praleista-galimybe\/"},"wordCount":520,"image":{"@id":"https:\/\/vienapaskola.lt\/index.php\/2025\/02\/11\/anthropic-generalinis-direktorius-dario-amodei-ai-veiksmo-virsuniu-susitikima-vadina-praleista-galimybe\/#primaryimage"},"thumbnailUrl":"https:\/\/vienapaskola.lt\/wp-content\/uploads\/2025\/02\/\u201eAnthropic-generalinis-direktorius-sako.jpg","keywords":["Amodei","Anthropic","Dario","direktorius","galimyb\u0117","generalinis","praleista","susitikim\u0105","vadina","veiksmo","vir\u0161\u016bni\u0173"],"articleSection":["TECHNOLOGIJOS"],"inLanguage":"lt-LT"},{"@type":"WebPage","@id":"https:\/\/vienapaskola.lt\/index.php\/2025\/02\/11\/anthropic-generalinis-direktorius-dario-amodei-ai-veiksmo-virsuniu-susitikima-vadina-praleista-galimybe\/","url":"https:\/\/vienapaskola.lt\/index.php\/2025\/02\/11\/anthropic-generalinis-direktorius-dario-amodei-ai-veiksmo-virsuniu-susitikima-vadina-praleista-galimybe\/","name":"\u201eAnthropic\u201c generalinis direktorius Dario Amodei AI veiksmo vir\u0161\u016bni\u0173 susitikim\u0105 vadina \u201epraleista galimybe\u201c - VienaPaskola.LT","isPartOf":{"@id":"https:\/\/vienapaskola.lt\/#website"},"primaryImageOfPage":{"@id":"https:\/\/vienapaskola.lt\/index.php\/2025\/02\/11\/anthropic-generalinis-direktorius-dario-amodei-ai-veiksmo-virsuniu-susitikima-vadina-praleista-galimybe\/#primaryimage"},"image":{"@id":"https:\/\/vienapaskola.lt\/index.php\/2025\/02\/11\/anthropic-generalinis-direktorius-dario-amodei-ai-veiksmo-virsuniu-susitikima-vadina-praleista-galimybe\/#primaryimage"},"thumbnailUrl":"https:\/\/vienapaskola.lt\/wp-content\/uploads\/2025\/02\/\u201eAnthropic-generalinis-direktorius-sako.jpg","datePublished":"2025-02-11T14:22:59+00:00","author":{"@id":"https:\/\/vienapaskola.lt\/#\/schema\/person\/fd1e0e3a6f51f419b26be8373355ab9b"},"breadcrumb":{"@id":"https:\/\/vienapaskola.lt\/index.php\/2025\/02\/11\/anthropic-generalinis-direktorius-dario-amodei-ai-veiksmo-virsuniu-susitikima-vadina-praleista-galimybe\/#breadcrumb"},"inLanguage":"lt-LT","potentialAction":[{"@type":"ReadAction","target":["https:\/\/vienapaskola.lt\/index.php\/2025\/02\/11\/anthropic-generalinis-direktorius-dario-amodei-ai-veiksmo-virsuniu-susitikima-vadina-praleista-galimybe\/"]}]},{"@type":"ImageObject","inLanguage":"lt-LT","@id":"https:\/\/vienapaskola.lt\/index.php\/2025\/02\/11\/anthropic-generalinis-direktorius-dario-amodei-ai-veiksmo-virsuniu-susitikima-vadina-praleista-galimybe\/#primaryimage","url":"https:\/\/vienapaskola.lt\/wp-content\/uploads\/2025\/02\/\u201eAnthropic-generalinis-direktorius-sako.jpg","contentUrl":"https:\/\/vienapaskola.lt\/wp-content\/uploads\/2025\/02\/\u201eAnthropic-generalinis-direktorius-sako.jpg","width":1200,"height":800},{"@type":"BreadcrumbList","@id":"https:\/\/vienapaskola.lt\/index.php\/2025\/02\/11\/anthropic-generalinis-direktorius-dario-amodei-ai-veiksmo-virsuniu-susitikima-vadina-praleista-galimybe\/#breadcrumb","itemListElement":[{"@type":"ListItem","position":1,"name":"Home","item":"https:\/\/vienapaskola.lt\/"},{"@type":"ListItem","position":2,"name":"\u201eAnthropic\u201c generalinis direktorius Dario Amodei AI veiksmo vir\u0161\u016bni\u0173 susitikim\u0105 vadina \u201epraleista galimybe\u201c"}]},{"@type":"WebSite","@id":"https:\/\/vienapaskola.lt\/#website","url":"https:\/\/vienapaskola.lt\/","name":"VienaPaskola.LT","description":"Finansai,ekonomika,technologijos","potentialAction":[{"@type":"SearchAction","target":{"@type":"EntryPoint","urlTemplate":"https:\/\/vienapaskola.lt\/?s={search_term_string}"},"query-input":{"@type":"PropertyValueSpecification","valueRequired":true,"valueName":"search_term_string"}}],"inLanguage":"lt-LT"},{"@type":"Person","@id":"https:\/\/vienapaskola.lt\/#\/schema\/person\/fd1e0e3a6f51f419b26be8373355ab9b","name":"admin","image":{"@type":"ImageObject","inLanguage":"lt-LT","@id":"https:\/\/secure.gravatar.com\/avatar\/f37349f777250847d2fca2ada474f5a6aadffa79d5284e8ad354a5c410a691ec?s=96&d=mm&r=g","url":"https:\/\/secure.gravatar.com\/avatar\/f37349f777250847d2fca2ada474f5a6aadffa79d5284e8ad354a5c410a691ec?s=96&d=mm&r=g","contentUrl":"https:\/\/secure.gravatar.com\/avatar\/f37349f777250847d2fca2ada474f5a6aadffa79d5284e8ad354a5c410a691ec?s=96&d=mm&r=g","caption":"admin"},"sameAs":["https:\/\/vienapaskola.lt"],"url":"https:\/\/vienapaskola.lt\/index.php\/author\/admin\/"}]}},"_links":{"self":[{"href":"https:\/\/vienapaskola.lt\/index.php\/wp-json\/wp\/v2\/posts\/1426","targetHints":{"allow":["GET"]}}],"collection":[{"href":"https:\/\/vienapaskola.lt\/index.php\/wp-json\/wp\/v2\/posts"}],"about":[{"href":"https:\/\/vienapaskola.lt\/index.php\/wp-json\/wp\/v2\/types\/post"}],"author":[{"embeddable":true,"href":"https:\/\/vienapaskola.lt\/index.php\/wp-json\/wp\/v2\/users\/1"}],"replies":[{"embeddable":true,"href":"https:\/\/vienapaskola.lt\/index.php\/wp-json\/wp\/v2\/comments?post=1426"}],"version-history":[{"count":0,"href":"https:\/\/vienapaskola.lt\/index.php\/wp-json\/wp\/v2\/posts\/1426\/revisions"}],"wp:featuredmedia":[{"embeddable":true,"href":"https:\/\/vienapaskola.lt\/index.php\/wp-json\/wp\/v2\/media\/1359"}],"wp:attachment":[{"href":"https:\/\/vienapaskola.lt\/index.php\/wp-json\/wp\/v2\/media?parent=1426"}],"wp:term":[{"taxonomy":"category","embeddable":true,"href":"https:\/\/vienapaskola.lt\/index.php\/wp-json\/wp\/v2\/categories?post=1426"},{"taxonomy":"post_tag","embeddable":true,"href":"https:\/\/vienapaskola.lt\/index.php\/wp-json\/wp\/v2\/tags?post=1426"}],"curies":[{"name":"wp","href":"https:\/\/api.w.org\/{rel}","templated":true}]}}