{"id":1532,"date":"2025-02-16T22:46:03","date_gmt":"2025-02-16T22:46:03","guid":{"rendered":"https:\/\/vienapaskola.lt\/index.php\/2025\/02\/16\/trumpas-atideda-placia-abipusio-tarifo-plana-nes-pasaulines-rinkos-mitingo\/"},"modified":"2025-02-16T22:46:03","modified_gmt":"2025-02-16T22:46:03","slug":"trumpas-atideda-placia-abipusio-tarifo-plana-nes-pasaulines-rinkos-mitingo","status":"publish","type":"post","link":"https:\/\/vienapaskola.lt\/index.php\/2025\/02\/16\/trumpas-atideda-placia-abipusio-tarifo-plana-nes-pasaulines-rinkos-mitingo\/","title":{"rendered":"Trumpas atideda pla\u010di\u0105 abipusio tarifo plan\u0105, nes pasaulin\u0117s rinkos mitingo"},"content":{"rendered":"<p> <br \/>\n<\/p>\n<p>        JAV prezidentas Donaldas Trumpas pasira\u0161\u0117 prezidento memorandum\u0105 d\u0117l abipusi\u0173 tarif\u0173, kad liept\u0173 jo administracijai i\u0161tirti plan\u0105, si\u016blydamas laik\u0105 deryboms. Pasaulin\u0117s rinkos po sprendimo kreip\u0117si \u012f rizikos re\u017eim\u0105.\n    <\/p>\n<div style=\"--widget_related_list_trans: 'Related';\">\n<div class=\"c-ad c-ad-halfpage u-show-for-small-only\">\n<div class=\"c-ad__placeholder\"><img decoding=\"async\" class=\"c-ad__placeholder__logo\" src=\"https:\/\/static.euronews.com\/website\/images\/logos\/logo-euronews-grey-6-180x22.svg\" width=\"180\" height=\"22\" alt=\"\" loading=\"lazy\"\/><span>Skelbimas<\/span><\/div>\n<\/div>\n<p>Ketvirtadien\u012f Trumpas nurod\u0117 JAV prekybos atstovui ir komercijos sekretoriui i\u0161tirti si\u016blomus abipusius tarifus.<\/p>\n<p>Tyrime bus \u012ftrauktos kitos tautos rinkliavos d\u0117l JAV preki\u0173 ir netarif\u0173 kli\u016b\u010di\u0173, toki\u0173 kaip nes\u0105\u017einingos subsidijos, prid\u0117tin\u0117s vert\u0117s mokes\u010diai (PVM) ir valiut\u0173 kursai. Komercijos departamento vadovas Howardas Lutnickas teig\u0117, kad tyrimas tur\u0117t\u0173 b\u016bti baigtas iki baland\u017eio 1 d., Tai rei\u0161kia, kad Baltieji r\u016bmai gali veikti i\u0161kart po to. Plaukiantys tarifai yra sunkiausias D.Trumpo administracijos veiksmas po 25% mokes\u010dio u\u017e plien\u0105 ir aliumin\u012f, ir papildomas 10% tarifas Kinijoje.<\/p>\n<div class=\"c-ad c-ad-sticky-floor c-advertising-sticky-floor sales-advertising-sticky-floor u-hide-for-medium\"><button class=\"c-ad__btn-close\" type=\"button\" onclick=\"this.parentElement.classList.add('u-hide-for-all')\"><img decoding=\"async\" src=\"https:\/\/static.euronews.com\/website\/images\/icons\/icon-cross-10x10-grey-6.svg\" width=\"10\" height=\"10\" alt=\"U\u017edaryti reklam\u0105\" fetchpriority=\"high\" loading=\"lazy\"\/><\/button><\/div>\n<p>\u201eJie apmokestina mums mokest\u012f ar tarif\u0105 ir mes juos apmokestiname lygiai taip pat\u201c, &#8211; sak\u0117 Trumpas spaudos konferencijoje Ovalo biure, \u201eniekas ne\u017eino, kas yra tas skai\u010dius, nebent j\u016bs einate i\u0161 \u0161alies\u201c. Jis taip pat pamin\u0117jo, kad automobili\u0173, kompiuteri\u0173 lust\u0173 ir farmacijos tarifai bus imami u\u017e didesnius tarifus, kurie b\u016bt\u0173 \u201eper ir auk\u0161\u010diau\u201c abipusiai tarifai.<\/p>\n<div id=\"ez-toc-container\" class=\"ez-toc-v2_0_87 counter-hierarchy ez-toc-counter ez-toc-grey ez-toc-container-direction\">\n<div class=\"ez-toc-title-container\">\n<p class=\"ez-toc-title\" style=\"cursor:inherit\">Turinys:<\/p>\n<span class=\"ez-toc-title-toggle\"><a href=\"#\" class=\"ez-toc-pull-right ez-toc-btn ez-toc-btn-xs ez-toc-btn-default ez-toc-toggle\" aria-label=\"Toggle Table of Content\"><span class=\"ez-toc-js-icon-con\"><span class=\"\"><span class=\"eztoc-hide\" style=\"display:none;\">Toggle<\/span><span class=\"ez-toc-icon-toggle-span\"><svg style=\"fill: #999;color:#999\" xmlns=\"http:\/\/www.w3.org\/2000\/svg\" class=\"list-377408\" width=\"20px\" height=\"20px\" viewBox=\"0 0 24 24\" fill=\"none\"><path d=\"M6 6H4v2h2V6zm14 0H8v2h12V6zM4 11h2v2H4v-2zm16 0H8v2h12v-2zM4 16h2v2H4v-2zm16 0H8v2h12v-2z\" fill=\"currentColor\"><\/path><\/svg><svg style=\"fill: #999;color:#999\" class=\"arrow-unsorted-368013\" xmlns=\"http:\/\/www.w3.org\/2000\/svg\" width=\"10px\" height=\"10px\" viewBox=\"0 0 24 24\" version=\"1.2\" baseProfile=\"tiny\"><path d=\"M18.2 9.3l-6.2-6.3-6.2 6.3c-.2.2-.3.4-.3.7s.1.5.3.7c.2.2.4.3.7.3h11c.3 0 .5-.1.7-.3.2-.2.3-.5.3-.7s-.1-.5-.3-.7zM5.8 14.7l6.2 6.3 6.2-6.3c.2-.2.3-.5.3-.7s-.1-.5-.3-.7c-.2-.2-.4-.3-.7-.3h-11c-.3 0-.5.1-.7.3-.2.2-.3.5-.3.7s.1.5.3.7z\"\/><\/svg><\/span><\/span><\/span><\/a><\/span><\/div>\n<nav><ul class='ez-toc-list ez-toc-list-level-1 ' ><li class='ez-toc-page-1 ez-toc-heading-level-2'><a class=\"ez-toc-link ez-toc-heading-1\" href=\"https:\/\/vienapaskola.lt\/index.php\/2025\/02\/16\/trumpas-atideda-placia-abipusio-tarifo-plana-nes-pasaulines-rinkos-mitingo\/#Issukiai_ES\" >I\u0161\u0161\u016bkiai ES<\/a><\/li><li class='ez-toc-page-1 ez-toc-heading-level-2'><a class=\"ez-toc-link ez-toc-heading-2\" href=\"https:\/\/vienapaskola.lt\/index.php\/2025\/02\/16\/trumpas-atideda-placia-abipusio-tarifo-plana-nes-pasaulines-rinkos-mitingo\/#Europos_rinkos_auga_naujoms_aukstumoms\" >Europos rinkos auga naujoms auk\u0161tumoms<\/a><\/li><\/ul><\/nav><\/div>\n<h2><span class=\"ez-toc-section\" id=\"Issukiai_ES\"><\/span>I\u0161\u0161\u016bkiai ES<span class=\"ez-toc-section-end\"><\/span><\/h2>\n<p>Tikimasi, kad Europos S\u0105jungos PVM bus ypa\u010d nukreiptas \u012f Balt\u0173j\u0173 r\u016bm\u0173 studijas. Trumpas ne kart\u0105 skund\u0117si d\u0117l nes\u0105\u017eining\u0173 ES ir JAV prekybos santyki\u0173. 2024 m. Preki\u0173, kuriomis prekiaujama tarp dviej\u0173 \u0161ali\u0173, vert\u0117 sudar\u0117 1,3 trilijono JAV doleri\u0173 (1,24 trilijono eur\u0173), o \u201eAmerica\u201c deficitas buvo u\u017efiksuotas 267 milijard\u0173 JAV doleri\u0173 (255 milijard\u0173 eur\u0173), prane\u0161a JAV sura\u0161ymo biuras. Ta\u010diau ES anks\u010diau pa\u017eym\u0117jo, kad blokas i\u0161 JAV importuoja daugiau paslaug\u0173.<\/p>\n<p>\u012egyvendinus Europos farmacijos sektori\u0173 bus sunkiausiai nukent\u0117j\u0119s nuo abipusi\u0173 tarif\u0173. Remiantis JAV prekybos sura\u0161ymu, 2024 m. JAV importavo 127 milijardus doleri\u0173 (121,4 milijardo eur\u0173) vert\u0117s farmacijos produkt\u0173. GLP-1 svorio praradimo vaistai sudar\u0117 didel\u0119 dal\u012f importo i\u0161 ES \u012f JAV, kur Novo Nordisk&#8217;s Wegovy Wegovy. u\u017e\u0117m\u0117 didel\u0119 rinkos dal\u012f.<\/p>\n<p>Be to, Europos pagamintos transporto priemon\u0117s taip pat tur\u0117s didel\u0119 \u012ftak\u0105, nes Baltieji r\u016bmai cituoja nes\u0105\u017eining\u0105 prekybos ir mokes\u010di\u0173 praktik\u0105 tarp dviej\u0173 ekonomik\u0173. Trumpas taip pat paragino ES \u012fsigyti Amerikos amunicijos, kad i\u0161laikyt\u0173 NATO aljans\u0105.<\/p>\n<h2><span class=\"ez-toc-section\" id=\"Europos_rinkos_auga_naujoms_aukstumoms\"><\/span>Europos rinkos auga naujoms auk\u0161tumoms<span class=\"ez-toc-section-end\"><\/span><\/h2>\n<p>Trumpo v\u0117lavimas \u012fvesti abipusius tarifus kartu su Trumpo Putino pokalbiu, kurio tikslas-nutraukti Ukrainos kar\u0105, past\u016bm\u0117jo Europos akcij\u0173 rinkas v\u0117l tapti geriausiais atlik\u0117jais tarp pagrindini\u0173 pasaulio bir\u017e\u0173. Ketvirtadien\u012f \u201eEuro Stoxx 600\u201c padid\u0117jo 1,1%, o Vokietijos \u201eDax\u201c per\u0117jo daugiau nei 2% j\u0173 nauj\u0173 rekordini\u0173 auk\u0161tum\u0173. Tiek euras, tiek Did\u017eiosios Britanijos svaras \u0161oktel\u0117jo u\u017e doler\u012f, nes galimas trej\u0173 met\u0173 karinio karo tarp Rusijos ir Ukrainos pabaiga. Ta\u010diau Europos lyderiai i\u0161 Did\u017eiosios Britanijos, Pranc\u016bzijos ir Vokietijos parei\u0161k\u0117, kad jie turi b\u016bti bet koki\u0173 b\u016bsim\u0173 deryb\u0173 dalis.<\/p>\n<p>\u201eNors rinkos i\u0161lieka virv\u0117je, kai kalbama apie abu klausimus, D.Trumpo administracijos po\u017ei\u016bris iki \u0161iol buvo gana i\u0161matuotas ir palieka deryb\u0173 taikymo srit\u012f, ma\u017einant\u201e Tit-Tat \u201cperspektyv\u0105, lenktynes \u200b\u200biki apa\u010dios dinamikos\u201c,-Kyle \u201eCompital.com\u201c vyresnysis rinkos analitikas Roddas ra\u0161\u0117 el. Lai\u0161ke.<\/p>\n<p>Wall Street mieste trys etaloniniai rodikliai-\u201eDow Jones\u201c pramon\u0117s vidurkis, \u201eS&#038;P 500\u201c ir \u201eNasdaq\u201c-visi baig\u0117si auk\u0161\u010diau. JAV dolerio indeksas susilpn\u0117jo po to, kai suma\u017e\u0117jo JAV vyriausyb\u0117s obligacij\u0173 paj\u0117gos, padidindamas metalo kainas. Aukso kainos ir toliau kilo po trumpo vienos dienos rekolekcijos, art\u0117jant prie vis\u0173 laik\u0173 auk\u0161tum\u0173 prie\u0161 dvi dienas.<\/p>\n<\/div>\n<p><br \/>\n<br \/><a href=\"https:\/\/www.euronews.com\/business\/2025\/02\/14\/trump-delays-a-sweeping-reciprocal-tariff-plan-as-global-markets-rally\">Source link <\/a><\/p>\n","protected":false},"excerpt":{"rendered":"<p>JAV prezidentas Donaldas Trumpas pasira\u0161\u0117 prezidento memorandum\u0105 d\u0117l abipusi\u0173 tarif\u0173, kad liept\u0173 jo administracijai i\u0161tirti plan\u0105, si\u016blydamas laik\u0105 deryboms. Pasaulin\u0117s rinkos po sprendimo kreip\u0117si \u012f rizikos re\u017eim\u0105. Skelbimas Ketvirtadien\u012f Trumpas nurod\u0117 JAV prekybos atstovui ir komercijos sekretoriui i\u0161tirti si\u016blomus abipusius tarifus. Tyrime bus \u012ftrauktos kitos tautos rinkliavos d\u0117l JAV preki\u0173 ir netarif\u0173 kli\u016b\u010di\u0173, toki\u0173 kaip [&hellip;]<\/p>\n","protected":false},"author":1,"featured_media":1533,"comment_status":"","ping_status":"","sticky":false,"template":"","format":"standard","meta":{"om_disable_all_campaigns":false,"_monsterinsights_skip_tracking":false,"footnotes":""},"categories":[5],"tags":[3514,3183,3516,103,555,2438,2105,802,3515,1919],"class_list":["post-1532","post","type-post","status-publish","format-standard","has-post-thumbnail","hentry","category-ekonomika","tag-abipusio","tag-atideda","tag-mitingo","tag-nes","tag-pasaulines","tag-placia","tag-plana","tag-rinkos","tag-tarifo","tag-trumpas"],"aioseo_notices":[],"aioseo_head":"\n\t\t<!-- All in One SEO 5.0.1.1 - aioseo.com -->\n\t<meta name=\"description\" content=\"JAV prezidentas Donaldas Trumpas pasira\u0161\u0117 prezidento memorandum\u0105 d\u0117l abipusi\u0173 tarif\u0173, kad liept\u0173 jo administracijai i\u0161tirti plan\u0105, si\u016blydamas laik\u0105 deryboms. Pasaulin\u0117s rinkos po sprendimo kreip\u0117si \u012f rizikos re\u017eim\u0105. SkelbimasKetvirtadien\u012f Trumpas nurod\u0117 JAV prekybos atstovui ir komercijos sekretoriui i\u0161tirti si\u016blomus abipusius tarifus.Tyrime bus \u012ftrauktos kitos tautos rinkliavos d\u0117l JAV preki\u0173 ir netarif\u0173 kli\u016b\u010di\u0173, toki\u0173 kaip nes\u0105\u017einingos subsidijos,\" \/>\n\t<meta name=\"robots\" content=\"max-image-preview:large\" \/>\n\t<meta name=\"author\" content=\"admin\"\/>\n\t<meta name=\"google-site-verification\" content=\"ji77nXn3Nbq3qB2zX2ryMrAUoWB8-dKiEe1-MVQJ42M\" \/>\n\t<link rel=\"canonical\" href=\"https:\/\/vienapaskola.lt\/index.php\/2025\/02\/16\/trumpas-atideda-placia-abipusio-tarifo-plana-nes-pasaulines-rinkos-mitingo\/\" \/>\n\t<meta name=\"generator\" content=\"All in One SEO (AIOSEO) 5.0.1.1\" \/>\n\t\t<meta property=\"og:locale\" content=\"lt_LT\" \/>\n\t\t<meta property=\"og:site_name\" content=\"VienaPaskola.LT - Finansai,ekonomika,technologijos\" \/>\n\t\t<meta property=\"og:type\" content=\"article\" \/>\n\t\t<meta property=\"og:title\" content=\"Trumpas atideda pla\u010di\u0105 abipusio tarifo plan\u0105, nes pasaulin\u0117s rinkos mitingo - VienaPaskola.LT\" \/>\n\t\t<meta property=\"og:description\" content=\"JAV prezidentas Donaldas Trumpas pasira\u0161\u0117 prezidento memorandum\u0105 d\u0117l abipusi\u0173 tarif\u0173, kad liept\u0173 jo administracijai i\u0161tirti plan\u0105, si\u016blydamas laik\u0105 deryboms. Pasaulin\u0117s rinkos po sprendimo kreip\u0117si \u012f rizikos re\u017eim\u0105. SkelbimasKetvirtadien\u012f Trumpas nurod\u0117 JAV prekybos atstovui ir komercijos sekretoriui i\u0161tirti si\u016blomus abipusius tarifus.Tyrime bus \u012ftrauktos kitos tautos rinkliavos d\u0117l JAV preki\u0173 ir netarif\u0173 kli\u016b\u010di\u0173, toki\u0173 kaip nes\u0105\u017einingos subsidijos,\" \/>\n\t\t<meta property=\"og:url\" content=\"https:\/\/vienapaskola.lt\/index.php\/2025\/02\/16\/trumpas-atideda-placia-abipusio-tarifo-plana-nes-pasaulines-rinkos-mitingo\/\" \/>\n\t\t<meta property=\"article:published_time\" content=\"2025-02-16T22:46:03+00:00\" \/>\n\t\t<meta property=\"article:modified_time\" content=\"2025-02-16T22:46:03+00:00\" \/>\n\t\t<meta name=\"twitter:card\" content=\"summary_large_image\" \/>\n\t\t<meta name=\"twitter:title\" content=\"Trumpas atideda pla\u010di\u0105 abipusio tarifo plan\u0105, nes pasaulin\u0117s rinkos mitingo - VienaPaskola.LT\" \/>\n\t\t<meta name=\"twitter:description\" content=\"JAV prezidentas Donaldas Trumpas pasira\u0161\u0117 prezidento memorandum\u0105 d\u0117l abipusi\u0173 tarif\u0173, kad liept\u0173 jo administracijai i\u0161tirti plan\u0105, si\u016blydamas laik\u0105 deryboms. Pasaulin\u0117s rinkos po sprendimo kreip\u0117si \u012f rizikos re\u017eim\u0105. SkelbimasKetvirtadien\u012f Trumpas nurod\u0117 JAV prekybos atstovui ir komercijos sekretoriui i\u0161tirti si\u016blomus abipusius tarifus.Tyrime bus \u012ftrauktos kitos tautos rinkliavos d\u0117l JAV preki\u0173 ir netarif\u0173 kli\u016b\u010di\u0173, toki\u0173 kaip nes\u0105\u017einingos subsidijos,\" \/>\n\t\t<script type=\"application\/ld+json\" class=\"aioseo-schema\">\n\t\t\t{\"@context\":\"https:\\\/\\\/schema.org\",\"@graph\":[{\"@type\":\"BlogPosting\",\"@id\":\"https:\\\/\\\/vienapaskola.lt\\\/index.php\\\/2025\\\/02\\\/16\\\/trumpas-atideda-placia-abipusio-tarifo-plana-nes-pasaulines-rinkos-mitingo\\\/#blogposting\",\"name\":\"Trumpas atideda pla\\u010di\\u0105 abipusio tarifo plan\\u0105, nes pasaulin\\u0117s rinkos mitingo - VienaPaskola.LT\",\"headline\":\"Trumpas atideda pla\\u010di\\u0105 abipusio tarifo plan\\u0105, nes pasaulin\\u0117s rinkos mitingo\",\"author\":{\"@id\":\"https:\\\/\\\/vienapaskola.lt\\\/index.php\\\/author\\\/admin\\\/#author\"},\"publisher\":{\"@id\":\"https:\\\/\\\/vienapaskola.lt\\\/#organization\"},\"image\":{\"@type\":\"ImageObject\",\"url\":\"https:\\\/\\\/vienapaskola.lt\\\/wp-content\\\/uploads\\\/2025\\\/02\\\/Trumpas-atideda-placia-abipusio-tarifo-plana-nes-pasaulines-rinkos-mitingo.jpg\",\"width\":1200,\"height\":675},\"datePublished\":\"2025-02-16T22:46:03+00:00\",\"dateModified\":\"2025-02-16T22:46:03+00:00\",\"inLanguage\":\"lt-LT\",\"mainEntityOfPage\":{\"@id\":\"https:\\\/\\\/vienapaskola.lt\\\/index.php\\\/2025\\\/02\\\/16\\\/trumpas-atideda-placia-abipusio-tarifo-plana-nes-pasaulines-rinkos-mitingo\\\/#webpage\"},\"isPartOf\":{\"@id\":\"https:\\\/\\\/vienapaskola.lt\\\/index.php\\\/2025\\\/02\\\/16\\\/trumpas-atideda-placia-abipusio-tarifo-plana-nes-pasaulines-rinkos-mitingo\\\/#webpage\"},\"articleSection\":\"EKONOMIKA, abipusio, atideda, mitingo, nes, pasaulines, pla\\u010di\\u0105, plan\\u0105, rinkos, tarifo, Trumpas\"},{\"@type\":\"BreadcrumbList\",\"@id\":\"https:\\\/\\\/vienapaskola.lt\\\/index.php\\\/2025\\\/02\\\/16\\\/trumpas-atideda-placia-abipusio-tarifo-plana-nes-pasaulines-rinkos-mitingo\\\/#breadcrumblist\",\"itemListElement\":[{\"@type\":\"ListItem\",\"@id\":\"https:\\\/\\\/vienapaskola.lt#listItem\",\"position\":1,\"name\":\"Home\",\"item\":\"https:\\\/\\\/vienapaskola.lt\",\"nextItem\":{\"@type\":\"ListItem\",\"@id\":\"https:\\\/\\\/vienapaskola.lt\\\/index.php\\\/category\\\/ekonomika\\\/#listItem\",\"name\":\"EKONOMIKA\"}},{\"@type\":\"ListItem\",\"@id\":\"https:\\\/\\\/vienapaskola.lt\\\/index.php\\\/category\\\/ekonomika\\\/#listItem\",\"position\":2,\"name\":\"EKONOMIKA\",\"item\":\"https:\\\/\\\/vienapaskola.lt\\\/index.php\\\/category\\\/ekonomika\\\/\",\"nextItem\":{\"@type\":\"ListItem\",\"@id\":\"https:\\\/\\\/vienapaskola.lt\\\/index.php\\\/2025\\\/02\\\/16\\\/trumpas-atideda-placia-abipusio-tarifo-plana-nes-pasaulines-rinkos-mitingo\\\/#listItem\",\"name\":\"Trumpas atideda pla\\u010di\\u0105 abipusio tarifo plan\\u0105, nes pasaulin\\u0117s rinkos mitingo\"},\"previousItem\":{\"@type\":\"ListItem\",\"@id\":\"https:\\\/\\\/vienapaskola.lt#listItem\",\"name\":\"Home\"}},{\"@type\":\"ListItem\",\"@id\":\"https:\\\/\\\/vienapaskola.lt\\\/index.php\\\/2025\\\/02\\\/16\\\/trumpas-atideda-placia-abipusio-tarifo-plana-nes-pasaulines-rinkos-mitingo\\\/#listItem\",\"position\":3,\"name\":\"Trumpas atideda pla\\u010di\\u0105 abipusio tarifo plan\\u0105, nes pasaulin\\u0117s rinkos mitingo\",\"previousItem\":{\"@type\":\"ListItem\",\"@id\":\"https:\\\/\\\/vienapaskola.lt\\\/index.php\\\/category\\\/ekonomika\\\/#listItem\",\"name\":\"EKONOMIKA\"}}]},{\"@type\":\"Organization\",\"@id\":\"https:\\\/\\\/vienapaskola.lt\\\/#organization\",\"name\":\"VienaPaskola.LT\",\"description\":\"Finansai,ekonomika,technologijos\",\"url\":\"https:\\\/\\\/vienapaskola.lt\\\/\"},{\"@type\":\"Person\",\"@id\":\"https:\\\/\\\/vienapaskola.lt\\\/index.php\\\/author\\\/admin\\\/#author\",\"url\":\"https:\\\/\\\/vienapaskola.lt\\\/index.php\\\/author\\\/admin\\\/\",\"name\":\"admin\",\"image\":{\"@type\":\"ImageObject\",\"@id\":\"https:\\\/\\\/vienapaskola.lt\\\/index.php\\\/2025\\\/02\\\/16\\\/trumpas-atideda-placia-abipusio-tarifo-plana-nes-pasaulines-rinkos-mitingo\\\/#authorImage\",\"url\":\"https:\\\/\\\/secure.gravatar.com\\\/avatar\\\/f37349f777250847d2fca2ada474f5a6aadffa79d5284e8ad354a5c410a691ec?s=96&d=mm&r=g\",\"width\":96,\"height\":96,\"caption\":\"admin\"}},{\"@type\":\"WebPage\",\"@id\":\"https:\\\/\\\/vienapaskola.lt\\\/index.php\\\/2025\\\/02\\\/16\\\/trumpas-atideda-placia-abipusio-tarifo-plana-nes-pasaulines-rinkos-mitingo\\\/#webpage\",\"url\":\"https:\\\/\\\/vienapaskola.lt\\\/index.php\\\/2025\\\/02\\\/16\\\/trumpas-atideda-placia-abipusio-tarifo-plana-nes-pasaulines-rinkos-mitingo\\\/\",\"name\":\"Trumpas atideda pla\\u010di\\u0105 abipusio tarifo plan\\u0105, nes pasaulin\\u0117s rinkos mitingo - VienaPaskola.LT\",\"description\":\"JAV prezidentas Donaldas Trumpas pasira\\u0161\\u0117 prezidento memorandum\\u0105 d\\u0117l abipusi\\u0173 tarif\\u0173, kad liept\\u0173 jo administracijai i\\u0161tirti plan\\u0105, si\\u016blydamas laik\\u0105 deryboms. Pasaulin\\u0117s rinkos po sprendimo kreip\\u0117si \\u012f rizikos re\\u017eim\\u0105. SkelbimasKetvirtadien\\u012f Trumpas nurod\\u0117 JAV prekybos atstovui ir komercijos sekretoriui i\\u0161tirti si\\u016blomus abipusius tarifus.Tyrime bus \\u012ftrauktos kitos tautos rinkliavos d\\u0117l JAV preki\\u0173 ir netarif\\u0173 kli\\u016b\\u010di\\u0173, toki\\u0173 kaip nes\\u0105\\u017einingos subsidijos,\",\"inLanguage\":\"lt-LT\",\"isPartOf\":{\"@id\":\"https:\\\/\\\/vienapaskola.lt\\\/#website\"},\"breadcrumb\":{\"@id\":\"https:\\\/\\\/vienapaskola.lt\\\/index.php\\\/2025\\\/02\\\/16\\\/trumpas-atideda-placia-abipusio-tarifo-plana-nes-pasaulines-rinkos-mitingo\\\/#breadcrumblist\"},\"author\":{\"@id\":\"https:\\\/\\\/vienapaskola.lt\\\/index.php\\\/author\\\/admin\\\/#author\"},\"creator\":{\"@id\":\"https:\\\/\\\/vienapaskola.lt\\\/index.php\\\/author\\\/admin\\\/#author\"},\"image\":{\"@type\":\"ImageObject\",\"url\":\"https:\\\/\\\/vienapaskola.lt\\\/wp-content\\\/uploads\\\/2025\\\/02\\\/Trumpas-atideda-placia-abipusio-tarifo-plana-nes-pasaulines-rinkos-mitingo.jpg\",\"@id\":\"https:\\\/\\\/vienapaskola.lt\\\/index.php\\\/2025\\\/02\\\/16\\\/trumpas-atideda-placia-abipusio-tarifo-plana-nes-pasaulines-rinkos-mitingo\\\/#mainImage\",\"width\":1200,\"height\":675},\"primaryImageOfPage\":{\"@id\":\"https:\\\/\\\/vienapaskola.lt\\\/index.php\\\/2025\\\/02\\\/16\\\/trumpas-atideda-placia-abipusio-tarifo-plana-nes-pasaulines-rinkos-mitingo\\\/#mainImage\"},\"datePublished\":\"2025-02-16T22:46:03+00:00\",\"dateModified\":\"2025-02-16T22:46:03+00:00\"},{\"@type\":\"WebSite\",\"@id\":\"https:\\\/\\\/vienapaskola.lt\\\/#website\",\"url\":\"https:\\\/\\\/vienapaskola.lt\\\/\",\"name\":\"VienaPaskola.LT\",\"description\":\"Finansai,ekonomika,technologijos\",\"inLanguage\":\"lt-LT\",\"publisher\":{\"@id\":\"https:\\\/\\\/vienapaskola.lt\\\/#organization\"}}]}\n\t\t<\/script>\n\t\t<!-- All in One SEO -->\n\n","aioseo_head_json":{"title":"Trumpas atideda pla\u010di\u0105 abipusio tarifo plan\u0105, nes pasaulin\u0117s rinkos mitingo - VienaPaskola.LT","description":"JAV prezidentas Donaldas Trumpas pasira\u0161\u0117 prezidento memorandum\u0105 d\u0117l abipusi\u0173 tarif\u0173, kad liept\u0173 jo administracijai i\u0161tirti plan\u0105, si\u016blydamas laik\u0105 deryboms. Pasaulin\u0117s rinkos po sprendimo kreip\u0117si \u012f rizikos re\u017eim\u0105. SkelbimasKetvirtadien\u012f Trumpas nurod\u0117 JAV prekybos atstovui ir komercijos sekretoriui i\u0161tirti si\u016blomus abipusius tarifus.Tyrime bus \u012ftrauktos kitos tautos rinkliavos d\u0117l JAV preki\u0173 ir netarif\u0173 kli\u016b\u010di\u0173, toki\u0173 kaip nes\u0105\u017einingos subsidijos,","canonical_url":"https:\/\/vienapaskola.lt\/index.php\/2025\/02\/16\/trumpas-atideda-placia-abipusio-tarifo-plana-nes-pasaulines-rinkos-mitingo\/","robots":"max-image-preview:large","keywords":"","webmasterTools":{"google-site-verification":"ji77nXn3Nbq3qB2zX2ryMrAUoWB8-dKiEe1-MVQJ42M","miscellaneous":""},"schema":{"@context":"https:\/\/schema.org","@graph":[{"@type":"BlogPosting","@id":"https:\/\/vienapaskola.lt\/index.php\/2025\/02\/16\/trumpas-atideda-placia-abipusio-tarifo-plana-nes-pasaulines-rinkos-mitingo\/#blogposting","name":"Trumpas atideda pla\u010di\u0105 abipusio tarifo plan\u0105, nes pasaulin\u0117s rinkos mitingo - VienaPaskola.LT","headline":"Trumpas atideda pla\u010di\u0105 abipusio tarifo plan\u0105, nes pasaulin\u0117s rinkos mitingo","author":{"@id":"https:\/\/vienapaskola.lt\/index.php\/author\/admin\/#author"},"publisher":{"@id":"https:\/\/vienapaskola.lt\/#organization"},"image":{"@type":"ImageObject","url":"https:\/\/vienapaskola.lt\/wp-content\/uploads\/2025\/02\/Trumpas-atideda-placia-abipusio-tarifo-plana-nes-pasaulines-rinkos-mitingo.jpg","width":1200,"height":675},"datePublished":"2025-02-16T22:46:03+00:00","dateModified":"2025-02-16T22:46:03+00:00","inLanguage":"lt-LT","mainEntityOfPage":{"@id":"https:\/\/vienapaskola.lt\/index.php\/2025\/02\/16\/trumpas-atideda-placia-abipusio-tarifo-plana-nes-pasaulines-rinkos-mitingo\/#webpage"},"isPartOf":{"@id":"https:\/\/vienapaskola.lt\/index.php\/2025\/02\/16\/trumpas-atideda-placia-abipusio-tarifo-plana-nes-pasaulines-rinkos-mitingo\/#webpage"},"articleSection":"EKONOMIKA, abipusio, atideda, mitingo, nes, pasaulines, pla\u010di\u0105, plan\u0105, rinkos, tarifo, Trumpas"},{"@type":"BreadcrumbList","@id":"https:\/\/vienapaskola.lt\/index.php\/2025\/02\/16\/trumpas-atideda-placia-abipusio-tarifo-plana-nes-pasaulines-rinkos-mitingo\/#breadcrumblist","itemListElement":[{"@type":"ListItem","@id":"https:\/\/vienapaskola.lt#listItem","position":1,"name":"Home","item":"https:\/\/vienapaskola.lt","nextItem":{"@type":"ListItem","@id":"https:\/\/vienapaskola.lt\/index.php\/category\/ekonomika\/#listItem","name":"EKONOMIKA"}},{"@type":"ListItem","@id":"https:\/\/vienapaskola.lt\/index.php\/category\/ekonomika\/#listItem","position":2,"name":"EKONOMIKA","item":"https:\/\/vienapaskola.lt\/index.php\/category\/ekonomika\/","nextItem":{"@type":"ListItem","@id":"https:\/\/vienapaskola.lt\/index.php\/2025\/02\/16\/trumpas-atideda-placia-abipusio-tarifo-plana-nes-pasaulines-rinkos-mitingo\/#listItem","name":"Trumpas atideda pla\u010di\u0105 abipusio tarifo plan\u0105, nes pasaulin\u0117s rinkos mitingo"},"previousItem":{"@type":"ListItem","@id":"https:\/\/vienapaskola.lt#listItem","name":"Home"}},{"@type":"ListItem","@id":"https:\/\/vienapaskola.lt\/index.php\/2025\/02\/16\/trumpas-atideda-placia-abipusio-tarifo-plana-nes-pasaulines-rinkos-mitingo\/#listItem","position":3,"name":"Trumpas atideda pla\u010di\u0105 abipusio tarifo plan\u0105, nes pasaulin\u0117s rinkos mitingo","previousItem":{"@type":"ListItem","@id":"https:\/\/vienapaskola.lt\/index.php\/category\/ekonomika\/#listItem","name":"EKONOMIKA"}}]},{"@type":"Organization","@id":"https:\/\/vienapaskola.lt\/#organization","name":"VienaPaskola.LT","description":"Finansai,ekonomika,technologijos","url":"https:\/\/vienapaskola.lt\/"},{"@type":"Person","@id":"https:\/\/vienapaskola.lt\/index.php\/author\/admin\/#author","url":"https:\/\/vienapaskola.lt\/index.php\/author\/admin\/","name":"admin","image":{"@type":"ImageObject","@id":"https:\/\/vienapaskola.lt\/index.php\/2025\/02\/16\/trumpas-atideda-placia-abipusio-tarifo-plana-nes-pasaulines-rinkos-mitingo\/#authorImage","url":"https:\/\/secure.gravatar.com\/avatar\/f37349f777250847d2fca2ada474f5a6aadffa79d5284e8ad354a5c410a691ec?s=96&d=mm&r=g","width":96,"height":96,"caption":"admin"}},{"@type":"WebPage","@id":"https:\/\/vienapaskola.lt\/index.php\/2025\/02\/16\/trumpas-atideda-placia-abipusio-tarifo-plana-nes-pasaulines-rinkos-mitingo\/#webpage","url":"https:\/\/vienapaskola.lt\/index.php\/2025\/02\/16\/trumpas-atideda-placia-abipusio-tarifo-plana-nes-pasaulines-rinkos-mitingo\/","name":"Trumpas atideda pla\u010di\u0105 abipusio tarifo plan\u0105, nes pasaulin\u0117s rinkos mitingo - VienaPaskola.LT","description":"JAV prezidentas Donaldas Trumpas pasira\u0161\u0117 prezidento memorandum\u0105 d\u0117l abipusi\u0173 tarif\u0173, kad liept\u0173 jo administracijai i\u0161tirti plan\u0105, si\u016blydamas laik\u0105 deryboms. Pasaulin\u0117s rinkos po sprendimo kreip\u0117si \u012f rizikos re\u017eim\u0105. SkelbimasKetvirtadien\u012f Trumpas nurod\u0117 JAV prekybos atstovui ir komercijos sekretoriui i\u0161tirti si\u016blomus abipusius tarifus.Tyrime bus \u012ftrauktos kitos tautos rinkliavos d\u0117l JAV preki\u0173 ir netarif\u0173 kli\u016b\u010di\u0173, toki\u0173 kaip nes\u0105\u017einingos subsidijos,","inLanguage":"lt-LT","isPartOf":{"@id":"https:\/\/vienapaskola.lt\/#website"},"breadcrumb":{"@id":"https:\/\/vienapaskola.lt\/index.php\/2025\/02\/16\/trumpas-atideda-placia-abipusio-tarifo-plana-nes-pasaulines-rinkos-mitingo\/#breadcrumblist"},"author":{"@id":"https:\/\/vienapaskola.lt\/index.php\/author\/admin\/#author"},"creator":{"@id":"https:\/\/vienapaskola.lt\/index.php\/author\/admin\/#author"},"image":{"@type":"ImageObject","url":"https:\/\/vienapaskola.lt\/wp-content\/uploads\/2025\/02\/Trumpas-atideda-placia-abipusio-tarifo-plana-nes-pasaulines-rinkos-mitingo.jpg","@id":"https:\/\/vienapaskola.lt\/index.php\/2025\/02\/16\/trumpas-atideda-placia-abipusio-tarifo-plana-nes-pasaulines-rinkos-mitingo\/#mainImage","width":1200,"height":675},"primaryImageOfPage":{"@id":"https:\/\/vienapaskola.lt\/index.php\/2025\/02\/16\/trumpas-atideda-placia-abipusio-tarifo-plana-nes-pasaulines-rinkos-mitingo\/#mainImage"},"datePublished":"2025-02-16T22:46:03+00:00","dateModified":"2025-02-16T22:46:03+00:00"},{"@type":"WebSite","@id":"https:\/\/vienapaskola.lt\/#website","url":"https:\/\/vienapaskola.lt\/","name":"VienaPaskola.LT","description":"Finansai,ekonomika,technologijos","inLanguage":"lt-LT","publisher":{"@id":"https:\/\/vienapaskola.lt\/#organization"}}]},"og:locale":"lt_LT","og:site_name":"VienaPaskola.LT - Finansai,ekonomika,technologijos","og:type":"article","og:title":"Trumpas atideda pla\u010di\u0105 abipusio tarifo plan\u0105, nes pasaulin\u0117s rinkos mitingo - VienaPaskola.LT","og:description":"JAV prezidentas Donaldas Trumpas pasira\u0161\u0117 prezidento memorandum\u0105 d\u0117l abipusi\u0173 tarif\u0173, kad liept\u0173 jo administracijai i\u0161tirti plan\u0105, si\u016blydamas laik\u0105 deryboms. Pasaulin\u0117s rinkos po sprendimo kreip\u0117si \u012f rizikos re\u017eim\u0105. SkelbimasKetvirtadien\u012f Trumpas nurod\u0117 JAV prekybos atstovui ir komercijos sekretoriui i\u0161tirti si\u016blomus abipusius tarifus.Tyrime bus \u012ftrauktos kitos tautos rinkliavos d\u0117l JAV preki\u0173 ir netarif\u0173 kli\u016b\u010di\u0173, toki\u0173 kaip nes\u0105\u017einingos subsidijos,","og:url":"https:\/\/vienapaskola.lt\/index.php\/2025\/02\/16\/trumpas-atideda-placia-abipusio-tarifo-plana-nes-pasaulines-rinkos-mitingo\/","article:published_time":"2025-02-16T22:46:03+00:00","article:modified_time":"2025-02-16T22:46:03+00:00","twitter:card":"summary_large_image","twitter:title":"Trumpas atideda pla\u010di\u0105 abipusio tarifo plan\u0105, nes pasaulin\u0117s rinkos mitingo - VienaPaskola.LT","twitter:description":"JAV prezidentas Donaldas Trumpas pasira\u0161\u0117 prezidento memorandum\u0105 d\u0117l abipusi\u0173 tarif\u0173, kad liept\u0173 jo administracijai i\u0161tirti plan\u0105, si\u016blydamas laik\u0105 deryboms. Pasaulin\u0117s rinkos po sprendimo kreip\u0117si \u012f rizikos re\u017eim\u0105. SkelbimasKetvirtadien\u012f Trumpas nurod\u0117 JAV prekybos atstovui ir komercijos sekretoriui i\u0161tirti si\u016blomus abipusius tarifus.Tyrime bus \u012ftrauktos kitos tautos rinkliavos d\u0117l JAV preki\u0173 ir netarif\u0173 kli\u016b\u010di\u0173, toki\u0173 kaip nes\u0105\u017einingos subsidijos,"},"aioseo_meta_data":{"post_id":"1532","title":null,"description":null,"keywords":null,"keyphrases":null,"primary_term":null,"canonical_url":null,"og_title":null,"og_description":null,"og_object_type":"default","og_image_type":"default","og_image_url":null,"og_image_width":null,"og_image_height":null,"og_image_custom_url":null,"og_image_custom_fields":null,"og_video":null,"og_custom_url":null,"og_article_section":null,"og_article_tags":null,"twitter_use_og":false,"twitter_card":"default","twitter_image_type":"default","twitter_image_url":null,"twitter_image_custom_url":null,"twitter_image_custom_fields":null,"twitter_title":null,"twitter_description":null,"schema":{"blockGraphs":[],"customGraphs":[],"default":{"data":{"Article":[],"Course":[],"Dataset":[],"FAQPage":[],"Movie":[],"Person":[],"Product":[],"ProductReview":[],"Car":[],"Recipe":[],"Service":[],"SoftwareApplication":[],"WebPage":[]},"graphName":"","isEnabled":true},"graphs":[]},"schema_type":"default","schema_type_options":null,"pillar_content":false,"robots_default":true,"robots_noindex":false,"robots_noarchive":false,"robots_nosnippet":false,"robots_nofollow":false,"robots_noimageindex":false,"robots_noodp":false,"robots_notranslate":false,"robots_max_snippet":null,"robots_max_videopreview":null,"robots_max_imagepreview":"large","priority":null,"frequency":null,"local_seo":null,"breadcrumb_settings":null,"limit_modified_date":false,"ai":null,"created":"2025-02-16 22:59:52","updated":"2025-06-06 14:47:49","seo_analyzer_scan_date":null,"focus_keyword":null,"additional_keywords":null,"truseo_locale":null},"aioseo_breadcrumb":"<div class=\"aioseo-breadcrumbs\"><span class=\"aioseo-breadcrumb\">\n\t\t\t<a href=\"https:\/\/vienapaskola.lt\" title=\"Home\">Home<\/a>\n\t\t<\/span><span class=\"aioseo-breadcrumb-separator\">&raquo;<\/span><span class=\"aioseo-breadcrumb\">\n\t\t\t<a href=\"https:\/\/vienapaskola.lt\/index.php\/category\/ekonomika\/\" title=\"EKONOMIKA\">EKONOMIKA<\/a>\n\t\t<\/span><span class=\"aioseo-breadcrumb-separator\">&raquo;<\/span><span class=\"aioseo-breadcrumb\">\n\t\t\tTrumpas atideda pla\u010di\u0105 abipusio tarifo plan\u0105, nes pasaulin\u0117s rinkos mitingo\n\t\t<\/span><\/div>","aioseo_breadcrumb_json":[{"label":"Home","link":"https:\/\/vienapaskola.lt"},{"label":"EKONOMIKA","link":"https:\/\/vienapaskola.lt\/index.php\/category\/ekonomika\/"},{"label":"Trumpas atideda pla\u010di\u0105 abipusio tarifo plan\u0105, nes pasaulin\u0117s rinkos mitingo","link":"https:\/\/vienapaskola.lt\/index.php\/2025\/02\/16\/trumpas-atideda-placia-abipusio-tarifo-plana-nes-pasaulines-rinkos-mitingo\/"}],"yoast_head":"<!-- This site is optimized with the Yoast SEO plugin v28.4 - https:\/\/yoast.com\/product\/yoast-seo-wordpress\/ -->\n<title>Trumpas atideda pla\u010di\u0105 abipusio tarifo plan\u0105, nes pasaulin\u0117s rinkos mitingo - VienaPaskola.LT<\/title>\n<meta name=\"robots\" content=\"index, follow, max-snippet:-1, max-image-preview:large, max-video-preview:-1\" \/>\n<link rel=\"canonical\" href=\"https:\/\/vienapaskola.lt\/index.php\/2025\/02\/16\/trumpas-atideda-placia-abipusio-tarifo-plana-nes-pasaulines-rinkos-mitingo\/\" \/>\n<meta property=\"og:locale\" content=\"lt_LT\" \/>\n<meta property=\"og:type\" content=\"article\" \/>\n<meta property=\"og:title\" content=\"Trumpas atideda pla\u010di\u0105 abipusio tarifo plan\u0105, nes pasaulin\u0117s rinkos mitingo - VienaPaskola.LT\" \/>\n<meta property=\"og:description\" content=\"JAV prezidentas Donaldas Trumpas pasira\u0161\u0117 prezidento memorandum\u0105 d\u0117l abipusi\u0173 tarif\u0173, kad liept\u0173 jo administracijai i\u0161tirti plan\u0105, si\u016blydamas laik\u0105 deryboms. Pasaulin\u0117s rinkos po sprendimo kreip\u0117si \u012f rizikos re\u017eim\u0105. Skelbimas Ketvirtadien\u012f Trumpas nurod\u0117 JAV prekybos atstovui ir komercijos sekretoriui i\u0161tirti si\u016blomus abipusius tarifus. Tyrime bus \u012ftrauktos kitos tautos rinkliavos d\u0117l JAV preki\u0173 ir netarif\u0173 kli\u016b\u010di\u0173, toki\u0173 kaip [&hellip;]\" \/>\n<meta property=\"og:url\" content=\"https:\/\/vienapaskola.lt\/index.php\/2025\/02\/16\/trumpas-atideda-placia-abipusio-tarifo-plana-nes-pasaulines-rinkos-mitingo\/\" \/>\n<meta property=\"og:site_name\" content=\"VienaPaskola.LT\" \/>\n<meta property=\"article:published_time\" content=\"2025-02-16T22:46:03+00:00\" \/>\n<meta property=\"og:image\" content=\"https:\/\/static.euronews.com\/website\/images\/logos\/logo-euronews-grey-6-180x22.svg\" \/>\n<meta name=\"author\" content=\"admin\" \/>\n<meta name=\"twitter:card\" content=\"summary_large_image\" \/>\n<meta name=\"twitter:label1\" content=\"Written by\" \/>\n\t<meta name=\"twitter:data1\" content=\"admin\" \/>\n\t<meta name=\"twitter:label2\" content=\"Est. reading time\" \/>\n\t<meta name=\"twitter:data2\" content=\"3 minut\u0117s\" \/>\n<script type=\"application\/ld+json\" class=\"yoast-schema-graph\">{\"@context\":\"https:\\\/\\\/schema.org\",\"@graph\":[{\"@type\":\"Article\",\"@id\":\"https:\\\/\\\/vienapaskola.lt\\\/index.php\\\/2025\\\/02\\\/16\\\/trumpas-atideda-placia-abipusio-tarifo-plana-nes-pasaulines-rinkos-mitingo\\\/#article\",\"isPartOf\":{\"@id\":\"https:\\\/\\\/vienapaskola.lt\\\/index.php\\\/2025\\\/02\\\/16\\\/trumpas-atideda-placia-abipusio-tarifo-plana-nes-pasaulines-rinkos-mitingo\\\/\"},\"author\":{\"name\":\"admin\",\"@id\":\"https:\\\/\\\/vienapaskola.lt\\\/#\\\/schema\\\/person\\\/fd1e0e3a6f51f419b26be8373355ab9b\"},\"headline\":\"Trumpas atideda pla\u010di\u0105 abipusio tarifo plan\u0105, nes pasaulin\u0117s rinkos mitingo\",\"datePublished\":\"2025-02-16T22:46:03+00:00\",\"mainEntityOfPage\":{\"@id\":\"https:\\\/\\\/vienapaskola.lt\\\/index.php\\\/2025\\\/02\\\/16\\\/trumpas-atideda-placia-abipusio-tarifo-plana-nes-pasaulines-rinkos-mitingo\\\/\"},\"wordCount\":579,\"image\":{\"@id\":\"https:\\\/\\\/vienapaskola.lt\\\/index.php\\\/2025\\\/02\\\/16\\\/trumpas-atideda-placia-abipusio-tarifo-plana-nes-pasaulines-rinkos-mitingo\\\/#primaryimage\"},\"thumbnailUrl\":\"https:\\\/\\\/vienapaskola.lt\\\/wp-content\\\/uploads\\\/2025\\\/02\\\/Trumpas-atideda-placia-abipusio-tarifo-plana-nes-pasaulines-rinkos-mitingo.jpg\",\"keywords\":[\"abipusio\",\"atideda\",\"mitingo\",\"nes\",\"pasaulines\",\"pla\u010di\u0105\",\"plan\u0105\",\"rinkos\",\"tarifo\",\"Trumpas\"],\"articleSection\":[\"EKONOMIKA\"],\"inLanguage\":\"lt-LT\"},{\"@type\":\"WebPage\",\"@id\":\"https:\\\/\\\/vienapaskola.lt\\\/index.php\\\/2025\\\/02\\\/16\\\/trumpas-atideda-placia-abipusio-tarifo-plana-nes-pasaulines-rinkos-mitingo\\\/\",\"url\":\"https:\\\/\\\/vienapaskola.lt\\\/index.php\\\/2025\\\/02\\\/16\\\/trumpas-atideda-placia-abipusio-tarifo-plana-nes-pasaulines-rinkos-mitingo\\\/\",\"name\":\"Trumpas atideda pla\u010di\u0105 abipusio tarifo plan\u0105, nes pasaulin\u0117s rinkos mitingo - VienaPaskola.LT\",\"isPartOf\":{\"@id\":\"https:\\\/\\\/vienapaskola.lt\\\/#website\"},\"primaryImageOfPage\":{\"@id\":\"https:\\\/\\\/vienapaskola.lt\\\/index.php\\\/2025\\\/02\\\/16\\\/trumpas-atideda-placia-abipusio-tarifo-plana-nes-pasaulines-rinkos-mitingo\\\/#primaryimage\"},\"image\":{\"@id\":\"https:\\\/\\\/vienapaskola.lt\\\/index.php\\\/2025\\\/02\\\/16\\\/trumpas-atideda-placia-abipusio-tarifo-plana-nes-pasaulines-rinkos-mitingo\\\/#primaryimage\"},\"thumbnailUrl\":\"https:\\\/\\\/vienapaskola.lt\\\/wp-content\\\/uploads\\\/2025\\\/02\\\/Trumpas-atideda-placia-abipusio-tarifo-plana-nes-pasaulines-rinkos-mitingo.jpg\",\"datePublished\":\"2025-02-16T22:46:03+00:00\",\"author\":{\"@id\":\"https:\\\/\\\/vienapaskola.lt\\\/#\\\/schema\\\/person\\\/fd1e0e3a6f51f419b26be8373355ab9b\"},\"breadcrumb\":{\"@id\":\"https:\\\/\\\/vienapaskola.lt\\\/index.php\\\/2025\\\/02\\\/16\\\/trumpas-atideda-placia-abipusio-tarifo-plana-nes-pasaulines-rinkos-mitingo\\\/#breadcrumb\"},\"inLanguage\":\"lt-LT\",\"potentialAction\":[{\"@type\":\"ReadAction\",\"target\":[\"https:\\\/\\\/vienapaskola.lt\\\/index.php\\\/2025\\\/02\\\/16\\\/trumpas-atideda-placia-abipusio-tarifo-plana-nes-pasaulines-rinkos-mitingo\\\/\"]}]},{\"@type\":\"ImageObject\",\"inLanguage\":\"lt-LT\",\"@id\":\"https:\\\/\\\/vienapaskola.lt\\\/index.php\\\/2025\\\/02\\\/16\\\/trumpas-atideda-placia-abipusio-tarifo-plana-nes-pasaulines-rinkos-mitingo\\\/#primaryimage\",\"url\":\"https:\\\/\\\/vienapaskola.lt\\\/wp-content\\\/uploads\\\/2025\\\/02\\\/Trumpas-atideda-placia-abipusio-tarifo-plana-nes-pasaulines-rinkos-mitingo.jpg\",\"contentUrl\":\"https:\\\/\\\/vienapaskola.lt\\\/wp-content\\\/uploads\\\/2025\\\/02\\\/Trumpas-atideda-placia-abipusio-tarifo-plana-nes-pasaulines-rinkos-mitingo.jpg\",\"width\":1200,\"height\":675},{\"@type\":\"BreadcrumbList\",\"@id\":\"https:\\\/\\\/vienapaskola.lt\\\/index.php\\\/2025\\\/02\\\/16\\\/trumpas-atideda-placia-abipusio-tarifo-plana-nes-pasaulines-rinkos-mitingo\\\/#breadcrumb\",\"itemListElement\":[{\"@type\":\"ListItem\",\"position\":1,\"name\":\"Home\",\"item\":\"https:\\\/\\\/vienapaskola.lt\\\/\"},{\"@type\":\"ListItem\",\"position\":2,\"name\":\"Trumpas atideda pla\u010di\u0105 abipusio tarifo plan\u0105, nes pasaulin\u0117s rinkos mitingo\"}]},{\"@type\":\"WebSite\",\"@id\":\"https:\\\/\\\/vienapaskola.lt\\\/#website\",\"url\":\"https:\\\/\\\/vienapaskola.lt\\\/\",\"name\":\"VienaPaskola.LT\",\"description\":\"Finansai,ekonomika,technologijos\",\"potentialAction\":[{\"@type\":\"SearchAction\",\"target\":{\"@type\":\"EntryPoint\",\"urlTemplate\":\"https:\\\/\\\/vienapaskola.lt\\\/?s={search_term_string}\"},\"query-input\":{\"@type\":\"PropertyValueSpecification\",\"valueRequired\":true,\"valueName\":\"search_term_string\"}}],\"inLanguage\":\"lt-LT\"},{\"@type\":\"Person\",\"@id\":\"https:\\\/\\\/vienapaskola.lt\\\/#\\\/schema\\\/person\\\/fd1e0e3a6f51f419b26be8373355ab9b\",\"name\":\"admin\",\"image\":{\"@type\":\"ImageObject\",\"inLanguage\":\"lt-LT\",\"@id\":\"https:\\\/\\\/secure.gravatar.com\\\/avatar\\\/f37349f777250847d2fca2ada474f5a6aadffa79d5284e8ad354a5c410a691ec?s=96&d=mm&r=g\",\"url\":\"https:\\\/\\\/secure.gravatar.com\\\/avatar\\\/f37349f777250847d2fca2ada474f5a6aadffa79d5284e8ad354a5c410a691ec?s=96&d=mm&r=g\",\"contentUrl\":\"https:\\\/\\\/secure.gravatar.com\\\/avatar\\\/f37349f777250847d2fca2ada474f5a6aadffa79d5284e8ad354a5c410a691ec?s=96&d=mm&r=g\",\"caption\":\"admin\"},\"sameAs\":[\"https:\\\/\\\/vienapaskola.lt\"],\"url\":\"https:\\\/\\\/vienapaskola.lt\\\/index.php\\\/author\\\/admin\\\/\"}]}<\/script>\n<!-- \/ Yoast SEO plugin. -->","yoast_head_json":{"title":"Trumpas atideda pla\u010di\u0105 abipusio tarifo plan\u0105, nes pasaulin\u0117s rinkos mitingo - VienaPaskola.LT","robots":{"index":"index","follow":"follow","max-snippet":"max-snippet:-1","max-image-preview":"max-image-preview:large","max-video-preview":"max-video-preview:-1"},"canonical":"https:\/\/vienapaskola.lt\/index.php\/2025\/02\/16\/trumpas-atideda-placia-abipusio-tarifo-plana-nes-pasaulines-rinkos-mitingo\/","og_locale":"lt_LT","og_type":"article","og_title":"Trumpas atideda pla\u010di\u0105 abipusio tarifo plan\u0105, nes pasaulin\u0117s rinkos mitingo - VienaPaskola.LT","og_description":"JAV prezidentas Donaldas Trumpas pasira\u0161\u0117 prezidento memorandum\u0105 d\u0117l abipusi\u0173 tarif\u0173, kad liept\u0173 jo administracijai i\u0161tirti plan\u0105, si\u016blydamas laik\u0105 deryboms. Pasaulin\u0117s rinkos po sprendimo kreip\u0117si \u012f rizikos re\u017eim\u0105. Skelbimas Ketvirtadien\u012f Trumpas nurod\u0117 JAV prekybos atstovui ir komercijos sekretoriui i\u0161tirti si\u016blomus abipusius tarifus. Tyrime bus \u012ftrauktos kitos tautos rinkliavos d\u0117l JAV preki\u0173 ir netarif\u0173 kli\u016b\u010di\u0173, toki\u0173 kaip [&hellip;]","og_url":"https:\/\/vienapaskola.lt\/index.php\/2025\/02\/16\/trumpas-atideda-placia-abipusio-tarifo-plana-nes-pasaulines-rinkos-mitingo\/","og_site_name":"VienaPaskola.LT","article_published_time":"2025-02-16T22:46:03+00:00","og_image":[{"url":"https:\/\/static.euronews.com\/website\/images\/logos\/logo-euronews-grey-6-180x22.svg","type":"","width":"","height":""}],"author":"admin","twitter_card":"summary_large_image","twitter_misc":{"Written by":"admin","Est. reading time":"3 minut\u0117s"},"schema":{"@context":"https:\/\/schema.org","@graph":[{"@type":"Article","@id":"https:\/\/vienapaskola.lt\/index.php\/2025\/02\/16\/trumpas-atideda-placia-abipusio-tarifo-plana-nes-pasaulines-rinkos-mitingo\/#article","isPartOf":{"@id":"https:\/\/vienapaskola.lt\/index.php\/2025\/02\/16\/trumpas-atideda-placia-abipusio-tarifo-plana-nes-pasaulines-rinkos-mitingo\/"},"author":{"name":"admin","@id":"https:\/\/vienapaskola.lt\/#\/schema\/person\/fd1e0e3a6f51f419b26be8373355ab9b"},"headline":"Trumpas atideda pla\u010di\u0105 abipusio tarifo plan\u0105, nes pasaulin\u0117s rinkos mitingo","datePublished":"2025-02-16T22:46:03+00:00","mainEntityOfPage":{"@id":"https:\/\/vienapaskola.lt\/index.php\/2025\/02\/16\/trumpas-atideda-placia-abipusio-tarifo-plana-nes-pasaulines-rinkos-mitingo\/"},"wordCount":579,"image":{"@id":"https:\/\/vienapaskola.lt\/index.php\/2025\/02\/16\/trumpas-atideda-placia-abipusio-tarifo-plana-nes-pasaulines-rinkos-mitingo\/#primaryimage"},"thumbnailUrl":"https:\/\/vienapaskola.lt\/wp-content\/uploads\/2025\/02\/Trumpas-atideda-placia-abipusio-tarifo-plana-nes-pasaulines-rinkos-mitingo.jpg","keywords":["abipusio","atideda","mitingo","nes","pasaulines","pla\u010di\u0105","plan\u0105","rinkos","tarifo","Trumpas"],"articleSection":["EKONOMIKA"],"inLanguage":"lt-LT"},{"@type":"WebPage","@id":"https:\/\/vienapaskola.lt\/index.php\/2025\/02\/16\/trumpas-atideda-placia-abipusio-tarifo-plana-nes-pasaulines-rinkos-mitingo\/","url":"https:\/\/vienapaskola.lt\/index.php\/2025\/02\/16\/trumpas-atideda-placia-abipusio-tarifo-plana-nes-pasaulines-rinkos-mitingo\/","name":"Trumpas atideda pla\u010di\u0105 abipusio tarifo plan\u0105, nes pasaulin\u0117s rinkos mitingo - VienaPaskola.LT","isPartOf":{"@id":"https:\/\/vienapaskola.lt\/#website"},"primaryImageOfPage":{"@id":"https:\/\/vienapaskola.lt\/index.php\/2025\/02\/16\/trumpas-atideda-placia-abipusio-tarifo-plana-nes-pasaulines-rinkos-mitingo\/#primaryimage"},"image":{"@id":"https:\/\/vienapaskola.lt\/index.php\/2025\/02\/16\/trumpas-atideda-placia-abipusio-tarifo-plana-nes-pasaulines-rinkos-mitingo\/#primaryimage"},"thumbnailUrl":"https:\/\/vienapaskola.lt\/wp-content\/uploads\/2025\/02\/Trumpas-atideda-placia-abipusio-tarifo-plana-nes-pasaulines-rinkos-mitingo.jpg","datePublished":"2025-02-16T22:46:03+00:00","author":{"@id":"https:\/\/vienapaskola.lt\/#\/schema\/person\/fd1e0e3a6f51f419b26be8373355ab9b"},"breadcrumb":{"@id":"https:\/\/vienapaskola.lt\/index.php\/2025\/02\/16\/trumpas-atideda-placia-abipusio-tarifo-plana-nes-pasaulines-rinkos-mitingo\/#breadcrumb"},"inLanguage":"lt-LT","potentialAction":[{"@type":"ReadAction","target":["https:\/\/vienapaskola.lt\/index.php\/2025\/02\/16\/trumpas-atideda-placia-abipusio-tarifo-plana-nes-pasaulines-rinkos-mitingo\/"]}]},{"@type":"ImageObject","inLanguage":"lt-LT","@id":"https:\/\/vienapaskola.lt\/index.php\/2025\/02\/16\/trumpas-atideda-placia-abipusio-tarifo-plana-nes-pasaulines-rinkos-mitingo\/#primaryimage","url":"https:\/\/vienapaskola.lt\/wp-content\/uploads\/2025\/02\/Trumpas-atideda-placia-abipusio-tarifo-plana-nes-pasaulines-rinkos-mitingo.jpg","contentUrl":"https:\/\/vienapaskola.lt\/wp-content\/uploads\/2025\/02\/Trumpas-atideda-placia-abipusio-tarifo-plana-nes-pasaulines-rinkos-mitingo.jpg","width":1200,"height":675},{"@type":"BreadcrumbList","@id":"https:\/\/vienapaskola.lt\/index.php\/2025\/02\/16\/trumpas-atideda-placia-abipusio-tarifo-plana-nes-pasaulines-rinkos-mitingo\/#breadcrumb","itemListElement":[{"@type":"ListItem","position":1,"name":"Home","item":"https:\/\/vienapaskola.lt\/"},{"@type":"ListItem","position":2,"name":"Trumpas atideda pla\u010di\u0105 abipusio tarifo plan\u0105, nes pasaulin\u0117s rinkos mitingo"}]},{"@type":"WebSite","@id":"https:\/\/vienapaskola.lt\/#website","url":"https:\/\/vienapaskola.lt\/","name":"VienaPaskola.LT","description":"Finansai,ekonomika,technologijos","potentialAction":[{"@type":"SearchAction","target":{"@type":"EntryPoint","urlTemplate":"https:\/\/vienapaskola.lt\/?s={search_term_string}"},"query-input":{"@type":"PropertyValueSpecification","valueRequired":true,"valueName":"search_term_string"}}],"inLanguage":"lt-LT"},{"@type":"Person","@id":"https:\/\/vienapaskola.lt\/#\/schema\/person\/fd1e0e3a6f51f419b26be8373355ab9b","name":"admin","image":{"@type":"ImageObject","inLanguage":"lt-LT","@id":"https:\/\/secure.gravatar.com\/avatar\/f37349f777250847d2fca2ada474f5a6aadffa79d5284e8ad354a5c410a691ec?s=96&d=mm&r=g","url":"https:\/\/secure.gravatar.com\/avatar\/f37349f777250847d2fca2ada474f5a6aadffa79d5284e8ad354a5c410a691ec?s=96&d=mm&r=g","contentUrl":"https:\/\/secure.gravatar.com\/avatar\/f37349f777250847d2fca2ada474f5a6aadffa79d5284e8ad354a5c410a691ec?s=96&d=mm&r=g","caption":"admin"},"sameAs":["https:\/\/vienapaskola.lt"],"url":"https:\/\/vienapaskola.lt\/index.php\/author\/admin\/"}]}},"_links":{"self":[{"href":"https:\/\/vienapaskola.lt\/index.php\/wp-json\/wp\/v2\/posts\/1532","targetHints":{"allow":["GET"]}}],"collection":[{"href":"https:\/\/vienapaskola.lt\/index.php\/wp-json\/wp\/v2\/posts"}],"about":[{"href":"https:\/\/vienapaskola.lt\/index.php\/wp-json\/wp\/v2\/types\/post"}],"author":[{"embeddable":true,"href":"https:\/\/vienapaskola.lt\/index.php\/wp-json\/wp\/v2\/users\/1"}],"replies":[{"embeddable":true,"href":"https:\/\/vienapaskola.lt\/index.php\/wp-json\/wp\/v2\/comments?post=1532"}],"version-history":[{"count":0,"href":"https:\/\/vienapaskola.lt\/index.php\/wp-json\/wp\/v2\/posts\/1532\/revisions"}],"wp:featuredmedia":[{"embeddable":true,"href":"https:\/\/vienapaskola.lt\/index.php\/wp-json\/wp\/v2\/media\/1533"}],"wp:attachment":[{"href":"https:\/\/vienapaskola.lt\/index.php\/wp-json\/wp\/v2\/media?parent=1532"}],"wp:term":[{"taxonomy":"category","embeddable":true,"href":"https:\/\/vienapaskola.lt\/index.php\/wp-json\/wp\/v2\/categories?post=1532"},{"taxonomy":"post_tag","embeddable":true,"href":"https:\/\/vienapaskola.lt\/index.php\/wp-json\/wp\/v2\/tags?post=1532"}],"curies":[{"name":"wp","href":"https:\/\/api.w.org\/{rel}","templated":true}]}}