{"id":2336,"date":"2025-11-27T08:32:22","date_gmt":"2025-11-27T08:32:22","guid":{"rendered":"https:\/\/vienapaskola.lt\/index.php\/2025\/11\/27\/lietuvos-darbo-rinka-tebera-aktyvi-nors-atlyginimu-augimo-tempas-suletejo\/"},"modified":"2025-11-27T08:32:22","modified_gmt":"2025-11-27T08:32:22","slug":"lietuvos-darbo-rinka-tebera-aktyvi-nors-atlyginimu-augimo-tempas-suletejo","status":"publish","type":"post","link":"https:\/\/vienapaskola.lt\/index.php\/2025\/11\/27\/lietuvos-darbo-rinka-tebera-aktyvi-nors-atlyginimu-augimo-tempas-suletejo\/","title":{"rendered":"Lietuvos darbo rinka teb\u0117ra aktyvi, nors atlyginim\u0173 augimo tempas sul\u0117t\u0117jo"},"content":{"rendered":"<p> <br \/>\n<\/p>\n<div>\n<div class=\"item_summary\">\n<p>2025 m. darbo rinkos raida teb\u0117ra palanki darbuotojams \u2013 u\u017eimtumas tebedid\u0117ja, o nedarbo lygis \u0161iek tiek suma\u017e\u0117jo. Nors darbo u\u017emokes\u010dio augimas slopsta, gyventoj\u0173 perkamoji galia nenustoja augti.<\/p>\n<\/p><\/div>\n<p>Komentuoja\u00a0Ekonomikos departamento Makroekonomikos ir prognozavimo skyriaus\u00a0vyresnysis ekonomistas\u00a0<strong>Rokas Budrauskas<\/strong><\/p>\n<div id=\"ez-toc-container\" class=\"ez-toc-v2_0_82_2 counter-hierarchy ez-toc-counter ez-toc-grey ez-toc-container-direction\">\n<div class=\"ez-toc-title-container\">\n<p class=\"ez-toc-title\" style=\"cursor:inherit\">Turinys:<\/p>\n<span class=\"ez-toc-title-toggle\"><a href=\"#\" class=\"ez-toc-pull-right ez-toc-btn ez-toc-btn-xs ez-toc-btn-default ez-toc-toggle\" aria-label=\"Toggle Table of Content\"><span class=\"ez-toc-js-icon-con\"><span class=\"\"><span class=\"eztoc-hide\" style=\"display:none;\">Toggle<\/span><span class=\"ez-toc-icon-toggle-span\"><svg style=\"fill: #999;color:#999\" xmlns=\"http:\/\/www.w3.org\/2000\/svg\" class=\"list-377408\" width=\"20px\" height=\"20px\" viewBox=\"0 0 24 24\" fill=\"none\"><path d=\"M6 6H4v2h2V6zm14 0H8v2h12V6zM4 11h2v2H4v-2zm16 0H8v2h12v-2zM4 16h2v2H4v-2zm16 0H8v2h12v-2z\" fill=\"currentColor\"><\/path><\/svg><svg style=\"fill: #999;color:#999\" class=\"arrow-unsorted-368013\" xmlns=\"http:\/\/www.w3.org\/2000\/svg\" width=\"10px\" height=\"10px\" viewBox=\"0 0 24 24\" version=\"1.2\" baseProfile=\"tiny\"><path d=\"M18.2 9.3l-6.2-6.3-6.2 6.3c-.2.2-.3.4-.3.7s.1.5.3.7c.2.2.4.3.7.3h11c.3 0 .5-.1.7-.3.2-.2.3-.5.3-.7s-.1-.5-.3-.7zM5.8 14.7l6.2 6.3 6.2-6.3c.2-.2.3-.5.3-.7s-.1-.5-.3-.7c-.2-.2-.4-.3-.7-.3h-11c-.3 0-.5.1-.7.3-.2.2-.3.5-.3.7s.1.5.3.7z\"\/><\/svg><\/span><\/span><\/span><\/a><\/span><\/div>\n<nav><ul class='ez-toc-list ez-toc-list-level-1 ' ><li class='ez-toc-page-1 ez-toc-heading-level-2'><a class=\"ez-toc-link ez-toc-heading-1\" href=\"https:\/\/vienapaskola.lt\/index.php\/2025\/11\/27\/lietuvos-darbo-rinka-tebera-aktyvi-nors-atlyginimu-augimo-tempas-suletejo\/#Darbo_uzmokestis_2025_m_kyla_leciau\" >Darbo u\u017emokestis 2025 m. kyla l\u0117\u010diau<\/a><\/li><li class='ez-toc-page-1 ez-toc-heading-level-2'><a class=\"ez-toc-link ez-toc-heading-2\" href=\"https:\/\/vienapaskola.lt\/index.php\/2025\/11\/27\/lietuvos-darbo-rinka-tebera-aktyvi-nors-atlyginimu-augimo-tempas-suletejo\/#Antraji_ketvirti_prislopusi_darbo_rinka_atsigavo\" >Antr\u0105j\u012f ketvirt\u012f prislopusi darbo rinka atsigavo<\/a><ul class='ez-toc-list-level-3' ><li class='ez-toc-heading-level-3'><a class=\"ez-toc-link ez-toc-heading-3\" href=\"https:\/\/vienapaskola.lt\/index.php\/2025\/11\/27\/lietuvos-darbo-rinka-tebera-aktyvi-nors-atlyginimu-augimo-tempas-suletejo\/#1_pav_Vidutinio_darbo_uzmokescio_augimas\" >1 pav. Vidutinio darbo u\u017emokes\u010dio augimas<\/a><\/li><li class='ez-toc-page-1 ez-toc-heading-level-3'><a class=\"ez-toc-link ez-toc-heading-4\" href=\"https:\/\/vienapaskola.lt\/index.php\/2025\/11\/27\/lietuvos-darbo-rinka-tebera-aktyvi-nors-atlyginimu-augimo-tempas-suletejo\/#2_pav_Nedarbo_lygis_bei_uzimtuju_pokytis\" >2 pav. Nedarbo lygis bei u\u017eimt\u0173j\u0173 pokytis<\/a><\/li><\/ul><\/li><\/ul><\/nav><\/div>\n<h2><span class=\"ez-toc-section\" id=\"Darbo_uzmokestis_2025_m_kyla_leciau\"><\/span>Darbo u\u017emokestis 2025 m. kyla l\u0117\u010diau<span class=\"ez-toc-section-end\"><\/span><\/h2>\n<p>Remiantis 2025 m. tre\u010diojo ketvir\u010dio Valstyb\u0117s duomen\u0173 agent\u016bros\u00a0(VDA) duomenimis, vidutinis darbo u\u017emokestis (VDU) \u0161alies \u016bkyje be individuali\u0173 \u012fmoni\u0173 \u016bgtel\u0117jo 8,5 proc. (\u017er. 1 pav.), \u2013 kilo 2,4 proc. punkto l\u0117\u010diau nei 2024 m. t\u0105 pat\u012f ketvirt\u012f. VDU pana\u0161iu tempu augo tiek vie\u0161ajame, tiek priva\u010diajame sektoriuose. Ne vis\u0173 ekonomini\u0173 sektori\u0173 darbo u\u017emokestis did\u0117jo vienodai. L\u0117\u010diausias atlyginim\u0173 augimas 2025 m. steb\u0117tas informacijos ir ry\u0161i\u0173, menin\u0117s ir pramogin\u0117s veiklos bei kasybos sektoriuose. \u0160iose veiklose atlyginimai pakilo tik 4\u20137 proc. Spar\u010diausiai darbo u\u017emokestis did\u0117jo nekilnojamojo turto operacij\u0173, vandens tiekimo ir valymo bei \u017eem\u0117s \u016bkio veiklose \u2013 11\u201312 proc. Lietuvos banko vertinimu, \u0161iais metais nominalusis VDU tur\u0117t\u0173 padid\u0117ti 8,2, o 2026\u00a0m. \u2013 8,9 proc.<\/p>\n<h2><span class=\"ez-toc-section\" id=\"Antraji_ketvirti_prislopusi_darbo_rinka_atsigavo\"><\/span>Antr\u0105j\u012f ketvirt\u012f prislopusi darbo rinka atsigavo<span class=\"ez-toc-section-end\"><\/span><\/h2>\n<p>Pagal VDA, u\u017eimt\u0173j\u0173 skai\u010dius Lietuvoje yra did\u017eiausias nuo 1999 m. \u0160i\u0173 met\u0173 tre\u010di\u0105j\u012f ketvirt\u012f jis pasiek\u0117 1\u00a0485,6 t\u016bkst. \u2013 per metus padid\u0117jo 0,3 proc. punkto (\u017er. 2 pav.). U\u017eimt\u0173j\u0173 skai\u010dius labiausiai augo finans\u0173, apgyvendinimo ir maitinimo bei sveikatos apsaugos veiklose. Darbuotoj\u0173 skai\u010di\u0173 daugiausia suma\u017eino kasybos, transporto ir energetikos sektoriai. Antr\u0105j\u012f ketvirt\u012f \u016bgtel\u0117j\u0119s nedarbas suma\u017e\u0117jo. 2025 m. tre\u010di\u0105j\u012f ketvirt\u012f nedarbo lygis Lietuvoje sudar\u0117 6,6 proc. ir buvo 0,2 proc. punkto ma\u017eesnis nei prie\u0161 metus. Did\u017eiausi\u0105 \u012ftak\u0105 nedarbo kritimui tur\u0117jo did\u0117j\u0119s u\u017eimt\u0173j\u0173 skai\u010dius ir darbo j\u0117gos aktyvumo lygis. Pasteb\u0117tina, kad prie bendro nedarbo lygio suma\u017e\u0117jimo reik\u0161mingai prisid\u0117jo susitrauk\u0119s jaunimo nedarbas.<\/p>\n<table border=\"0\" cellpadding=\"1\" cellspacing=\"1\" style=\"width:100%;\">\n<tbody>\n<tr>\n<td style=\"vertical-align: top; width: 50%;\">\n<h3><span class=\"ez-toc-section\" id=\"1_pav_Vidutinio_darbo_uzmokescio_augimas\"><\/span><strong>1 pav. Vidutinio darbo u\u017emokes\u010dio augimas<\/strong><img decoding=\"async\" alt=\"Lietuvos darbo rinka teb\u0117ra aktyvi, nors atlyginim\u0173 augimo tempas sul\u0117t\u0117jo\" src=\"https:\/\/www.lb.lt\/uploads\/documents\/images\/1(41).png\" style=\"width: 100%;\"\/><span class=\"ez-toc-section-end\"><\/span><\/h3>\n<\/td>\n<td style=\"vertical-align: top;\">\n<h3><span class=\"ez-toc-section\" id=\"2_pav_Nedarbo_lygis_bei_uzimtuju_pokytis\"><\/span><strong>2 pav. Nedarbo lygis bei u\u017eimt\u0173j\u0173 pokytis<\/strong><img decoding=\"async\" alt=\"Lietuvos darbo rinka teb\u0117ra aktyvi, nors atlyginim\u0173 augimo tempas sul\u0117t\u0117jo\" src=\"https:\/\/www.lb.lt\/uploads\/documents\/images\/2(40).png\" style=\"width: 100%;\"\/><span class=\"ez-toc-section-end\"><\/span><\/h3>\n<\/td>\n<\/tr>\n<\/tbody>\n<\/table><\/div>\n<p><script>\n    !function(f,b,e,v,n,t,s){if(f.fbq)return;n=f.fbq=function(){n.callMethod?\n            n.callMethod.apply(n,arguments):n.queue.push(arguments)};if(!f._fbq)f._fbq=n;\n            n.push=n;n.loaded=!0;n.version='2.0';n.queue=[];t=b.createElement(e);t.async=!0;\n            t.src=v;s=b.getElementsByTagName(e)[0];s.parentNode.insertBefore(t,s)}(window,\n        document,'script','https:\/\/connect.facebook.net\/en_US\/fbevents.js');\n    fbq('init', '449445692451263'); \/\/ Insert your pixel ID here.\n    fbq('track', 'PageView');\n<\/script><br \/>\n<br \/><br \/>\n<br \/><a href=\"https:\/\/www.lb.lt\/lt\/naujienos\/lietuvos-darbo-rinka-tebera-aktyvi-nors-atlyginimu-augimo-tempas-suletejo\">Source link <\/a><\/p>\n","protected":false},"excerpt":{"rendered":"<p>2025 m. darbo rinkos raida teb\u0117ra palanki darbuotojams \u2013 u\u017eimtumas tebedid\u0117ja, o nedarbo lygis \u0161iek tiek suma\u017e\u0117jo. Nors darbo u\u017emokes\u010dio augimas slopsta, gyventoj\u0173 perkamoji galia nenustoja augti. Komentuoja\u00a0Ekonomikos departamento Makroekonomikos ir prognozavimo skyriaus\u00a0vyresnysis ekonomistas\u00a0Rokas Budrauskas Darbo u\u017emokestis 2025 m. kyla l\u0117\u010diau Remiantis 2025 m. tre\u010diojo ketvir\u010dio Valstyb\u0117s duomen\u0173 agent\u016bros\u00a0(VDA) duomenimis, vidutinis darbo u\u017emokestis (VDU) \u0161alies [&hellip;]<\/p>\n","protected":false},"author":1,"featured_media":0,"comment_status":"","ping_status":"","sticky":false,"template":"","format":"standard","meta":{"om_disable_all_campaigns":false,"_monsterinsights_skip_tracking":false,"_monsterinsights_sitenote_active":false,"_monsterinsights_sitenote_note":"","_monsterinsights_sitenote_category":0,"footnotes":""},"categories":[3],"tags":[],"class_list":["post-2336","post","type-post","status-publish","format-standard","hentry","category-finansai"],"aioseo_notices":[],"yoast_head":"<!-- This site is optimized with the Yoast SEO plugin v27.4 - https:\/\/yoast.com\/product\/yoast-seo-wordpress\/ -->\n<title>Lietuvos darbo rinka teb\u0117ra aktyvi, nors atlyginim\u0173 augimo tempas sul\u0117t\u0117jo - VienaPaskola.LT<\/title>\n<meta name=\"robots\" content=\"index, follow, max-snippet:-1, max-image-preview:large, max-video-preview:-1\" \/>\n<link rel=\"canonical\" href=\"https:\/\/vienapaskola.lt\/index.php\/2025\/11\/27\/lietuvos-darbo-rinka-tebera-aktyvi-nors-atlyginimu-augimo-tempas-suletejo\/\" \/>\n<meta property=\"og:locale\" content=\"lt_LT\" \/>\n<meta property=\"og:type\" content=\"article\" \/>\n<meta property=\"og:title\" content=\"Lietuvos darbo rinka teb\u0117ra aktyvi, nors atlyginim\u0173 augimo tempas sul\u0117t\u0117jo - VienaPaskola.LT\" \/>\n<meta property=\"og:description\" content=\"2025 m. darbo rinkos raida teb\u0117ra palanki darbuotojams \u2013 u\u017eimtumas tebedid\u0117ja, o nedarbo lygis \u0161iek tiek suma\u017e\u0117jo. Nors darbo u\u017emokes\u010dio augimas slopsta, gyventoj\u0173 perkamoji galia nenustoja augti. Komentuoja\u00a0Ekonomikos departamento Makroekonomikos ir prognozavimo skyriaus\u00a0vyresnysis ekonomistas\u00a0Rokas Budrauskas Darbo u\u017emokestis 2025 m. kyla l\u0117\u010diau Remiantis 2025 m. tre\u010diojo ketvir\u010dio Valstyb\u0117s duomen\u0173 agent\u016bros\u00a0(VDA) duomenimis, vidutinis darbo u\u017emokestis (VDU) \u0161alies [&hellip;]\" \/>\n<meta property=\"og:url\" content=\"https:\/\/vienapaskola.lt\/index.php\/2025\/11\/27\/lietuvos-darbo-rinka-tebera-aktyvi-nors-atlyginimu-augimo-tempas-suletejo\/\" \/>\n<meta property=\"og:site_name\" content=\"VienaPaskola.LT\" \/>\n<meta property=\"article:published_time\" content=\"2025-11-27T08:32:22+00:00\" \/>\n<meta property=\"og:image\" content=\"https:\/\/www.lb.lt\/uploads\/documents\/images\/1(41).png\" \/>\n<meta name=\"author\" content=\"admin\" \/>\n<meta name=\"twitter:card\" content=\"summary_large_image\" \/>\n<meta name=\"twitter:label1\" content=\"Written by\" \/>\n\t<meta name=\"twitter:data1\" content=\"admin\" \/>\n\t<meta name=\"twitter:label2\" content=\"Est. reading time\" \/>\n\t<meta name=\"twitter:data2\" content=\"2 minut\u0117s\" \/>\n<script type=\"application\/ld+json\" class=\"yoast-schema-graph\">{\"@context\":\"https:\\\/\\\/schema.org\",\"@graph\":[{\"@type\":\"Article\",\"@id\":\"https:\\\/\\\/vienapaskola.lt\\\/index.php\\\/2025\\\/11\\\/27\\\/lietuvos-darbo-rinka-tebera-aktyvi-nors-atlyginimu-augimo-tempas-suletejo\\\/#article\",\"isPartOf\":{\"@id\":\"https:\\\/\\\/vienapaskola.lt\\\/index.php\\\/2025\\\/11\\\/27\\\/lietuvos-darbo-rinka-tebera-aktyvi-nors-atlyginimu-augimo-tempas-suletejo\\\/\"},\"author\":{\"name\":\"admin\",\"@id\":\"https:\\\/\\\/vienapaskola.lt\\\/#\\\/schema\\\/person\\\/fd1e0e3a6f51f419b26be8373355ab9b\"},\"headline\":\"Lietuvos darbo rinka teb\u0117ra aktyvi, nors atlyginim\u0173 augimo tempas sul\u0117t\u0117jo\",\"datePublished\":\"2025-11-27T08:32:22+00:00\",\"mainEntityOfPage\":{\"@id\":\"https:\\\/\\\/vienapaskola.lt\\\/index.php\\\/2025\\\/11\\\/27\\\/lietuvos-darbo-rinka-tebera-aktyvi-nors-atlyginimu-augimo-tempas-suletejo\\\/\"},\"wordCount\":331,\"image\":{\"@id\":\"https:\\\/\\\/vienapaskola.lt\\\/index.php\\\/2025\\\/11\\\/27\\\/lietuvos-darbo-rinka-tebera-aktyvi-nors-atlyginimu-augimo-tempas-suletejo\\\/#primaryimage\"},\"thumbnailUrl\":\"https:\\\/\\\/www.lb.lt\\\/uploads\\\/documents\\\/images\\\/1(41).png\",\"articleSection\":[\"FINANSAI\"],\"inLanguage\":\"lt-LT\"},{\"@type\":\"WebPage\",\"@id\":\"https:\\\/\\\/vienapaskola.lt\\\/index.php\\\/2025\\\/11\\\/27\\\/lietuvos-darbo-rinka-tebera-aktyvi-nors-atlyginimu-augimo-tempas-suletejo\\\/\",\"url\":\"https:\\\/\\\/vienapaskola.lt\\\/index.php\\\/2025\\\/11\\\/27\\\/lietuvos-darbo-rinka-tebera-aktyvi-nors-atlyginimu-augimo-tempas-suletejo\\\/\",\"name\":\"Lietuvos darbo rinka teb\u0117ra aktyvi, nors atlyginim\u0173 augimo tempas sul\u0117t\u0117jo - VienaPaskola.LT\",\"isPartOf\":{\"@id\":\"https:\\\/\\\/vienapaskola.lt\\\/#website\"},\"primaryImageOfPage\":{\"@id\":\"https:\\\/\\\/vienapaskola.lt\\\/index.php\\\/2025\\\/11\\\/27\\\/lietuvos-darbo-rinka-tebera-aktyvi-nors-atlyginimu-augimo-tempas-suletejo\\\/#primaryimage\"},\"image\":{\"@id\":\"https:\\\/\\\/vienapaskola.lt\\\/index.php\\\/2025\\\/11\\\/27\\\/lietuvos-darbo-rinka-tebera-aktyvi-nors-atlyginimu-augimo-tempas-suletejo\\\/#primaryimage\"},\"thumbnailUrl\":\"https:\\\/\\\/www.lb.lt\\\/uploads\\\/documents\\\/images\\\/1(41).png\",\"datePublished\":\"2025-11-27T08:32:22+00:00\",\"author\":{\"@id\":\"https:\\\/\\\/vienapaskola.lt\\\/#\\\/schema\\\/person\\\/fd1e0e3a6f51f419b26be8373355ab9b\"},\"breadcrumb\":{\"@id\":\"https:\\\/\\\/vienapaskola.lt\\\/index.php\\\/2025\\\/11\\\/27\\\/lietuvos-darbo-rinka-tebera-aktyvi-nors-atlyginimu-augimo-tempas-suletejo\\\/#breadcrumb\"},\"inLanguage\":\"lt-LT\",\"potentialAction\":[{\"@type\":\"ReadAction\",\"target\":[\"https:\\\/\\\/vienapaskola.lt\\\/index.php\\\/2025\\\/11\\\/27\\\/lietuvos-darbo-rinka-tebera-aktyvi-nors-atlyginimu-augimo-tempas-suletejo\\\/\"]}]},{\"@type\":\"ImageObject\",\"inLanguage\":\"lt-LT\",\"@id\":\"https:\\\/\\\/vienapaskola.lt\\\/index.php\\\/2025\\\/11\\\/27\\\/lietuvos-darbo-rinka-tebera-aktyvi-nors-atlyginimu-augimo-tempas-suletejo\\\/#primaryimage\",\"url\":\"https:\\\/\\\/www.lb.lt\\\/uploads\\\/documents\\\/images\\\/1(41).png\",\"contentUrl\":\"https:\\\/\\\/www.lb.lt\\\/uploads\\\/documents\\\/images\\\/1(41).png\"},{\"@type\":\"BreadcrumbList\",\"@id\":\"https:\\\/\\\/vienapaskola.lt\\\/index.php\\\/2025\\\/11\\\/27\\\/lietuvos-darbo-rinka-tebera-aktyvi-nors-atlyginimu-augimo-tempas-suletejo\\\/#breadcrumb\",\"itemListElement\":[{\"@type\":\"ListItem\",\"position\":1,\"name\":\"Home\",\"item\":\"https:\\\/\\\/vienapaskola.lt\\\/\"},{\"@type\":\"ListItem\",\"position\":2,\"name\":\"Lietuvos darbo rinka teb\u0117ra aktyvi, nors atlyginim\u0173 augimo tempas sul\u0117t\u0117jo\"}]},{\"@type\":\"WebSite\",\"@id\":\"https:\\\/\\\/vienapaskola.lt\\\/#website\",\"url\":\"https:\\\/\\\/vienapaskola.lt\\\/\",\"name\":\"VienaPaskola.LT\",\"description\":\"Finansai,ekonomika,technologijos\",\"potentialAction\":[{\"@type\":\"SearchAction\",\"target\":{\"@type\":\"EntryPoint\",\"urlTemplate\":\"https:\\\/\\\/vienapaskola.lt\\\/?s={search_term_string}\"},\"query-input\":{\"@type\":\"PropertyValueSpecification\",\"valueRequired\":true,\"valueName\":\"search_term_string\"}}],\"inLanguage\":\"lt-LT\"},{\"@type\":\"Person\",\"@id\":\"https:\\\/\\\/vienapaskola.lt\\\/#\\\/schema\\\/person\\\/fd1e0e3a6f51f419b26be8373355ab9b\",\"name\":\"admin\",\"image\":{\"@type\":\"ImageObject\",\"inLanguage\":\"lt-LT\",\"@id\":\"https:\\\/\\\/secure.gravatar.com\\\/avatar\\\/f37349f777250847d2fca2ada474f5a6aadffa79d5284e8ad354a5c410a691ec?s=96&d=mm&r=g\",\"url\":\"https:\\\/\\\/secure.gravatar.com\\\/avatar\\\/f37349f777250847d2fca2ada474f5a6aadffa79d5284e8ad354a5c410a691ec?s=96&d=mm&r=g\",\"contentUrl\":\"https:\\\/\\\/secure.gravatar.com\\\/avatar\\\/f37349f777250847d2fca2ada474f5a6aadffa79d5284e8ad354a5c410a691ec?s=96&d=mm&r=g\",\"caption\":\"admin\"},\"sameAs\":[\"https:\\\/\\\/vienapaskola.lt\"],\"url\":\"https:\\\/\\\/vienapaskola.lt\\\/index.php\\\/author\\\/admin\\\/\"}]}<\/script>\n<!-- \/ Yoast SEO plugin. -->","yoast_head_json":{"title":"Lietuvos darbo rinka teb\u0117ra aktyvi, nors atlyginim\u0173 augimo tempas sul\u0117t\u0117jo - VienaPaskola.LT","robots":{"index":"index","follow":"follow","max-snippet":"max-snippet:-1","max-image-preview":"max-image-preview:large","max-video-preview":"max-video-preview:-1"},"canonical":"https:\/\/vienapaskola.lt\/index.php\/2025\/11\/27\/lietuvos-darbo-rinka-tebera-aktyvi-nors-atlyginimu-augimo-tempas-suletejo\/","og_locale":"lt_LT","og_type":"article","og_title":"Lietuvos darbo rinka teb\u0117ra aktyvi, nors atlyginim\u0173 augimo tempas sul\u0117t\u0117jo - VienaPaskola.LT","og_description":"2025 m. darbo rinkos raida teb\u0117ra palanki darbuotojams \u2013 u\u017eimtumas tebedid\u0117ja, o nedarbo lygis \u0161iek tiek suma\u017e\u0117jo. Nors darbo u\u017emokes\u010dio augimas slopsta, gyventoj\u0173 perkamoji galia nenustoja augti. Komentuoja\u00a0Ekonomikos departamento Makroekonomikos ir prognozavimo skyriaus\u00a0vyresnysis ekonomistas\u00a0Rokas Budrauskas Darbo u\u017emokestis 2025 m. kyla l\u0117\u010diau Remiantis 2025 m. tre\u010diojo ketvir\u010dio Valstyb\u0117s duomen\u0173 agent\u016bros\u00a0(VDA) duomenimis, vidutinis darbo u\u017emokestis (VDU) \u0161alies [&hellip;]","og_url":"https:\/\/vienapaskola.lt\/index.php\/2025\/11\/27\/lietuvos-darbo-rinka-tebera-aktyvi-nors-atlyginimu-augimo-tempas-suletejo\/","og_site_name":"VienaPaskola.LT","article_published_time":"2025-11-27T08:32:22+00:00","og_image":[{"url":"https:\/\/www.lb.lt\/uploads\/documents\/images\/1(41).png","type":"","width":"","height":""}],"author":"admin","twitter_card":"summary_large_image","twitter_misc":{"Written by":"admin","Est. reading time":"2 minut\u0117s"},"schema":{"@context":"https:\/\/schema.org","@graph":[{"@type":"Article","@id":"https:\/\/vienapaskola.lt\/index.php\/2025\/11\/27\/lietuvos-darbo-rinka-tebera-aktyvi-nors-atlyginimu-augimo-tempas-suletejo\/#article","isPartOf":{"@id":"https:\/\/vienapaskola.lt\/index.php\/2025\/11\/27\/lietuvos-darbo-rinka-tebera-aktyvi-nors-atlyginimu-augimo-tempas-suletejo\/"},"author":{"name":"admin","@id":"https:\/\/vienapaskola.lt\/#\/schema\/person\/fd1e0e3a6f51f419b26be8373355ab9b"},"headline":"Lietuvos darbo rinka teb\u0117ra aktyvi, nors atlyginim\u0173 augimo tempas sul\u0117t\u0117jo","datePublished":"2025-11-27T08:32:22+00:00","mainEntityOfPage":{"@id":"https:\/\/vienapaskola.lt\/index.php\/2025\/11\/27\/lietuvos-darbo-rinka-tebera-aktyvi-nors-atlyginimu-augimo-tempas-suletejo\/"},"wordCount":331,"image":{"@id":"https:\/\/vienapaskola.lt\/index.php\/2025\/11\/27\/lietuvos-darbo-rinka-tebera-aktyvi-nors-atlyginimu-augimo-tempas-suletejo\/#primaryimage"},"thumbnailUrl":"https:\/\/www.lb.lt\/uploads\/documents\/images\/1(41).png","articleSection":["FINANSAI"],"inLanguage":"lt-LT"},{"@type":"WebPage","@id":"https:\/\/vienapaskola.lt\/index.php\/2025\/11\/27\/lietuvos-darbo-rinka-tebera-aktyvi-nors-atlyginimu-augimo-tempas-suletejo\/","url":"https:\/\/vienapaskola.lt\/index.php\/2025\/11\/27\/lietuvos-darbo-rinka-tebera-aktyvi-nors-atlyginimu-augimo-tempas-suletejo\/","name":"Lietuvos darbo rinka teb\u0117ra aktyvi, nors atlyginim\u0173 augimo tempas sul\u0117t\u0117jo - VienaPaskola.LT","isPartOf":{"@id":"https:\/\/vienapaskola.lt\/#website"},"primaryImageOfPage":{"@id":"https:\/\/vienapaskola.lt\/index.php\/2025\/11\/27\/lietuvos-darbo-rinka-tebera-aktyvi-nors-atlyginimu-augimo-tempas-suletejo\/#primaryimage"},"image":{"@id":"https:\/\/vienapaskola.lt\/index.php\/2025\/11\/27\/lietuvos-darbo-rinka-tebera-aktyvi-nors-atlyginimu-augimo-tempas-suletejo\/#primaryimage"},"thumbnailUrl":"https:\/\/www.lb.lt\/uploads\/documents\/images\/1(41).png","datePublished":"2025-11-27T08:32:22+00:00","author":{"@id":"https:\/\/vienapaskola.lt\/#\/schema\/person\/fd1e0e3a6f51f419b26be8373355ab9b"},"breadcrumb":{"@id":"https:\/\/vienapaskola.lt\/index.php\/2025\/11\/27\/lietuvos-darbo-rinka-tebera-aktyvi-nors-atlyginimu-augimo-tempas-suletejo\/#breadcrumb"},"inLanguage":"lt-LT","potentialAction":[{"@type":"ReadAction","target":["https:\/\/vienapaskola.lt\/index.php\/2025\/11\/27\/lietuvos-darbo-rinka-tebera-aktyvi-nors-atlyginimu-augimo-tempas-suletejo\/"]}]},{"@type":"ImageObject","inLanguage":"lt-LT","@id":"https:\/\/vienapaskola.lt\/index.php\/2025\/11\/27\/lietuvos-darbo-rinka-tebera-aktyvi-nors-atlyginimu-augimo-tempas-suletejo\/#primaryimage","url":"https:\/\/www.lb.lt\/uploads\/documents\/images\/1(41).png","contentUrl":"https:\/\/www.lb.lt\/uploads\/documents\/images\/1(41).png"},{"@type":"BreadcrumbList","@id":"https:\/\/vienapaskola.lt\/index.php\/2025\/11\/27\/lietuvos-darbo-rinka-tebera-aktyvi-nors-atlyginimu-augimo-tempas-suletejo\/#breadcrumb","itemListElement":[{"@type":"ListItem","position":1,"name":"Home","item":"https:\/\/vienapaskola.lt\/"},{"@type":"ListItem","position":2,"name":"Lietuvos darbo rinka teb\u0117ra aktyvi, nors atlyginim\u0173 augimo tempas sul\u0117t\u0117jo"}]},{"@type":"WebSite","@id":"https:\/\/vienapaskola.lt\/#website","url":"https:\/\/vienapaskola.lt\/","name":"VienaPaskola.LT","description":"Finansai,ekonomika,technologijos","potentialAction":[{"@type":"SearchAction","target":{"@type":"EntryPoint","urlTemplate":"https:\/\/vienapaskola.lt\/?s={search_term_string}"},"query-input":{"@type":"PropertyValueSpecification","valueRequired":true,"valueName":"search_term_string"}}],"inLanguage":"lt-LT"},{"@type":"Person","@id":"https:\/\/vienapaskola.lt\/#\/schema\/person\/fd1e0e3a6f51f419b26be8373355ab9b","name":"admin","image":{"@type":"ImageObject","inLanguage":"lt-LT","@id":"https:\/\/secure.gravatar.com\/avatar\/f37349f777250847d2fca2ada474f5a6aadffa79d5284e8ad354a5c410a691ec?s=96&d=mm&r=g","url":"https:\/\/secure.gravatar.com\/avatar\/f37349f777250847d2fca2ada474f5a6aadffa79d5284e8ad354a5c410a691ec?s=96&d=mm&r=g","contentUrl":"https:\/\/secure.gravatar.com\/avatar\/f37349f777250847d2fca2ada474f5a6aadffa79d5284e8ad354a5c410a691ec?s=96&d=mm&r=g","caption":"admin"},"sameAs":["https:\/\/vienapaskola.lt"],"url":"https:\/\/vienapaskola.lt\/index.php\/author\/admin\/"}]}},"_links":{"self":[{"href":"https:\/\/vienapaskola.lt\/index.php\/wp-json\/wp\/v2\/posts\/2336","targetHints":{"allow":["GET"]}}],"collection":[{"href":"https:\/\/vienapaskola.lt\/index.php\/wp-json\/wp\/v2\/posts"}],"about":[{"href":"https:\/\/vienapaskola.lt\/index.php\/wp-json\/wp\/v2\/types\/post"}],"author":[{"embeddable":true,"href":"https:\/\/vienapaskola.lt\/index.php\/wp-json\/wp\/v2\/users\/1"}],"replies":[{"embeddable":true,"href":"https:\/\/vienapaskola.lt\/index.php\/wp-json\/wp\/v2\/comments?post=2336"}],"version-history":[{"count":0,"href":"https:\/\/vienapaskola.lt\/index.php\/wp-json\/wp\/v2\/posts\/2336\/revisions"}],"wp:attachment":[{"href":"https:\/\/vienapaskola.lt\/index.php\/wp-json\/wp\/v2\/media?parent=2336"}],"wp:term":[{"taxonomy":"category","embeddable":true,"href":"https:\/\/vienapaskola.lt\/index.php\/wp-json\/wp\/v2\/categories?post=2336"},{"taxonomy":"post_tag","embeddable":true,"href":"https:\/\/vienapaskola.lt\/index.php\/wp-json\/wp\/v2\/tags?post=2336"}],"curies":[{"name":"wp","href":"https:\/\/api.w.org\/{rel}","templated":true}]}}