{"id":2413,"date":"2025-12-29T23:26:27","date_gmt":"2025-12-29T23:26:27","guid":{"rendered":"https:\/\/vienapaskola.lt\/index.php\/2025\/12\/29\/ar-isigaliosiantys-pajamu-apmokestinimo-pakeitimai-paveiks-uzimtuma-lietuvoje\/"},"modified":"2025-12-29T23:26:27","modified_gmt":"2025-12-29T23:26:27","slug":"ar-isigaliosiantys-pajamu-apmokestinimo-pakeitimai-paveiks-uzimtuma-lietuvoje","status":"publish","type":"post","link":"https:\/\/vienapaskola.lt\/index.php\/2025\/12\/29\/ar-isigaliosiantys-pajamu-apmokestinimo-pakeitimai-paveiks-uzimtuma-lietuvoje\/","title":{"rendered":"Ar \u012fsigaliosiantys pajam\u0173 apmokestinimo pakeitimai paveiks u\u017eimtum\u0105 Lietuvoje?"},"content":{"rendered":"<p> <br \/>\n<\/p>\n<div>\n<div class=\"item_summary\">\n<p>Lietuvos Respublikos institucijos \u0161i\u0173 met\u0173 bir\u017eelio m\u0117n. pritar\u0117 mokestini\u0173 pakeitim\u0173 paketui, kurio tikslas \u2013 padidinti Valstyb\u0117s gynybos fondo finansavim\u0105 ir u\u017etikrinti tvarias ilgalaikes pajamas \u012f \u0161alies biud\u017eet\u0105. Deklaruojama, kad priimtais Gyventoj\u0173 pajam\u0173 mokes\u010dio \u012fstatymo pakeitimais siekiama teisingiau paskirstyti mokestin\u0119 na\u0161t\u0105 ir ma\u017einti pajam\u0173 nelygyb\u0119, tod\u0117l nustatomas didesnis auk\u0161tesni\u0173 pajam\u0173 apmokestinimo progresyvumas (pradedamas taikyti naujas 25 % gyventoj\u0173 pajam\u0173 mokes\u010dio (GPM) tarifas), taip pat vienod\u0173 GPM tarif\u0173 taikymas skirting\u0173 r\u016b\u0161i\u0173 pajamoms (i\u0161skyrus dividendus, tam tikras akcij\u0173 pardavimo pajamas, \u017eem\u0117s \u016bkio veikl\u0105 vykdan\u010di\u0173 gyventoj\u0173 pajamas ir kai kurias kitas i\u0161mokas).<\/p>\n<p>Verslo bendruomen\u0117 \u0161iuos mokestinius pakeitimus \u012fvertino skepti\u0161kai, teigdama, kad jiems \u012fsigaliojus kyla labai reali kvalifikuotos gerai apmokamos darbo j\u0117gos ir kapitalo nutek\u0117jimo i\u0161 \u0161alies gr\u0117sm\u0117. Tod\u0117l \u0161io komentaro tikslas \u2013 geriau suprasti patvirtint\u0173 GPM pakeitim\u0173 poveik\u012f darbo j\u0117gos apmokestinimo na\u0161tai Lietuvoje, palyginti su kitomis Europos S\u0105jungos (ES) valstyb\u0117mis, \u012fvertinti makroekonominiu lygmeniu, kok\u012f poveik\u012f tokie poky\u010diai gali tur\u0117ti kvalifikuot\u0173 gerai apmokam\u0173 darbo viet\u0173 k\u016brimui.<\/p>\n<\/p><\/div>\n<p><em><strong>Vaidotas Tuzikas<\/strong>, Lietuvos banko Ekonomikos departamento Makroekonomikos ir prognozavimo skyriaus vyriausiasis ekonomistas<\/em><\/p>\n<p><strong>Tai, kaip mokes\u010diai veikia samd\u0105, yra vienas i\u0161 klasikini\u0173 ekonomikos mokslo klausim\u0173, \u012f kur\u012f atsakymo ie\u0161ko \u012f darbo ir vie\u0161ojo sektoriaus ekonomikos sritis besigilinantys ekonomistai. <\/strong>Siekiant atsakyti \u012f \u0161\u012f klausim\u0105, parengtose empirin\u0117se studijose vienas i\u0161 da\u017eniausiai taikom\u0173 rodikli\u0173 yra mokes\u010di\u0173 plei\u0161tas \u2013 jis paprastai apibr\u0117\u017eiamas kaip skirtumas tarp darbdavio bendr\u0173j\u0173 darbo s\u0105naud\u0173 ir darbuotojo gaunamo grynojo (<em>neto<\/em>) darbo u\u017emokes\u010dio. Jis parodo, koki\u0105 darbo s\u0105naud\u0173 dal\u012f sudaro tiesioginiai mokes\u010diai bei valstybinio socialinio draudimo (VSD) \u012fmokos ir kokia darbo vietos kainos dalis tenka darbuotojui kaip grynasis darbo u\u017emokestis. Be to, skai\u010diuojant mokes\u010di\u0173 plei\u0161t\u0105, atsi\u017evelgiama ir \u012f asmens ar \u0161eimos gaunamas pinigines i\u0161mokas. Tai daroma siekiant tiksliau \u012fvertinti balans\u0105 tarp asmens mokes\u010di\u0173 pavidalu netenkam\u0173 pajam\u0173 ir t\u0173 pajam\u0173, kurias jis gauna kaip param\u0105 ir kurios padidina asmens disponuojam\u0105sias pajamas, ta\u010diau nedaro \u012ftakos darbo vietos kainai.<\/p>\n<p><strong>Makroekonominiu lygmeniu apskai\u010diuotas mokes\u010di\u0173 plei\u0161tas leid\u017eia vertinti bendr\u0105 fiskalin\u0119 na\u0161t\u0105 tam tikros valstyb\u0117s darbo j\u0117gai.<\/strong> Atliekant ekonominius tyrimus, mokes\u010di\u0173 plei\u0161tas da\u017enai apskai\u010diuojamas darbuotojams, kuri\u0173 darbo u\u017emokestis i\u0161rei\u0161kiamas kaip tam tikra vidutinio u\u017edarbio dalis (pvz., 67, 100 ar 167\u00a0%, palyginti su vidutiniu darbo u\u017emokes\u010diu (VDU)), nes toks metodas leid\u017eia u\u017etikrinti palyginamum\u0105 tarp atskir\u0173 valstybi\u0173, nepaisant absoliu\u010di\u0173 darbo u\u017emokes\u010dio skirtum\u0173 tarp j\u0173. Taigi analizuojama, kaip mokes\u010di\u0173 ir socialini\u0173 i\u0161mok\u0173 sistema veikia gaunan\u010dius skirtingas pajamas darbuotojus\u2013 ma\u017eesni\u0173 pajam\u0173 atveju svarbi u\u017eimtumo paskat\u0173 ir pa\u0161alp\u0173 s\u0105veika, o didesni\u0173 pajam\u0173 atveju \u2013 progresyvumo bei kvalifikuotos darbo j\u0117gos mobilumo aspektai. Vis d\u0117lto mokes\u010di\u0173 plei\u0161tas gali b\u016bti skai\u010diuojamas ir makroekonominiu agreguotu lygmeniu, taikant bendr\u0105 formul\u0119, kurioje atsi\u017evelgiama \u012f darbuotoj\u0173 ir darbdavi\u0173 sumokamas VSD \u012fmokas, gyventoj\u0173 pajam\u0173 mokest\u012f bei tam tikr\u0105 valstyb\u0117s \u0161eimoms suteikt\u0105 finansin\u0119 param\u0105 ir \u0161i\u0173 dyd\u017ei\u0173 sum\u0105, palyginti su bendrosiomis darbo s\u0105naudomis. Tokia agreguota analiz\u0117 leid\u017eia vertinti bendr\u0105 fiskalin\u0119 na\u0161t\u0105 tam tikros valstyb\u0117s darbo j\u0117gai, o per tai ir mokes\u010di\u0173 poveik\u012f darbo rinkos raidai. \u017dinoma, agreguota analiz\u0117 turi ir tam tikr\u0173 tr\u016bkum\u0173. Pagrindinis i\u0161 j\u0173 yra tai, kad agreguoti skai\u010diai neparodo, kaip mokes\u010di\u0173 na\u0161ta pasiskirsto tarp darbuotoj\u0173, gaunan\u010di\u0173 ma\u017eas, vidutines ir dideles pajamas. \u0160is pasiskirstymas tam tikrais atvejais (pvz., analizuojant mokes\u010di\u0173 poveik\u012f labai auk\u0161t\u0105 prid\u0117tin\u0119 vert\u0119 kurian\u010dioms ekonomin\u0117ms veikloms ir toki\u0173 darbuotoj\u0173 samdai) gali b\u016bti svarbus.<\/p>\n<p><strong>A pav. Mokes\u010di\u0173 plei\u0161tas ES valstyb\u0117se 2022 m.<\/strong><\/p>\n<p><strong><\/strong><\/p>\n<p><span style=\"font-size:11px;\">\u0160altiniai: Eurostatas, Valstyb\u0117s duomen\u0173 agent\u016bra ir Lietuvos banko skai\u010diavimai.<br \/>Pastaba: VSD\u012e \u2013 valstybinio socialinio draudimo \u012fmokos, paveiksle valstyb\u0117s i\u0161rikiuotos pagal mokes\u010di\u0173 plei\u0161to dyd\u012f \u2013 nuo ma\u017eiausio iki did\u017eiausio.<\/span><\/p>\n<p><strong>Mokes\u010di\u0173 plei\u0161tas Lietuvoje yra gerokai ma\u017eesnis u\u017e ES vidurk\u012f \u2013 pagal \u0161\u012f rodikl\u012f Lietuva patenka tarp de\u0161imties ma\u017eiausi\u0105 mokes\u010di\u0173 plei\u0161t\u0105 turin\u010di\u0173 ES valstybi\u0173. <\/strong>Eurostato duomen\u0173 baz\u0117je mokes\u010di\u0173 plei\u0161tui reikalingi duomenys apie ES valstybi\u0173 per metus surinktas VSD \u012fmokas, gyventoj\u0173 pajam\u0173 mokest\u012f ir \u0161eimoms suteikt\u0105 param\u0105 yra prieinami u\u017e 2022 m. Remiantis \u0161iais duomenimis, apskai\u010diuotas mokes\u010di\u0173 plei\u0161tas Lietuvoje 2022 m. sudar\u0117 32,2 proc. ir buvo vienas i\u0161 ma\u017eiausi\u0173 tarp ES valstybi\u0173 (\u017er. A pav.). Ma\u017eesn\u0117 mokes\u010di\u0173 plei\u0161to, palyginti su visa darbo vietos kaina, dalis buvo Bulgarijoje, Maltoje, Kroatijoje, Kipre, Rumunijoje ir Latvijoje. Verta pamin\u0117ti, kad pagal mokes\u010di\u0173 plei\u0161to strukt\u016br\u0105 Lietuva yra labai artima ES ir euro zonos vidurkiui, nes ma\u017edaug 60 proc. mokes\u010di\u0173 plei\u0161to susidaro d\u0117l VSD \u012fmok\u0173, o 40 proc. lemia pajam\u0173 mokestis. Vis d\u0117lto kai kuriose ES valstyb\u0117se mokes\u010di\u0173 plei\u0161to strukt\u016bra gerokai skiriasi, pavyzd\u017eiui, Rumunijoje beveik vis\u0105 mokes\u010di\u0173 plei\u0161t\u0105 lemia VSD \u012fmokos, o Danijoje \u2013 prie\u0161ingai, mokes\u010di\u0173 plei\u0161t\u0105 formuoja pajam\u0173 mokestis, kuriuo finansuojama ir socialin\u0117 apsauga.<\/p>\n<p><strong>Mokes\u010di\u0173 plei\u0161tas Lietuvoje 2026\u20132027 m. padid\u0117s labai nedaug, tod\u0117l Lietuvos pozicija tarp kit\u0173 ES valstybi\u0173 pagal mokes\u010di\u0173 plei\u0161to dyd\u012f i\u0161 esm\u0117s nepasikeis.<\/strong> Lietuvos banko sudarytas mokes\u010di\u0173 plei\u0161to \u012fvertis rodo, kad 2026 m. (kitoms s\u0105lygoms nekintant) jis gali padid\u0117ti iki ma\u017edaug 32,5 proc., ta\u010diau tebebus vienas i\u0161 ma\u017eiausi\u0173 visoje ES. Mokes\u010di\u0173 plei\u0161tas kitais metais \u0161iek tiek padid\u0117s d\u0117l \u012fsigaliosian\u010di\u0173 GPM pakeitim\u0173, i\u0161 kuri\u0173 svarbiausi \u2013 pradedamas taikyti didesnis pajam\u0173 apmokestinimo progresyvumas (naujas 25 % GPM tarifas) ir vis\u0173 pajam\u0173 sumavimas mokestiniais tikslais. Remiantis vie\u0161ai prieinama informacija, skai\u010diuojant daryta prielaida, kad d\u0117l \u0161i\u0173 pakeitim\u0173 2026 m. bus papildomai gauta apie 225 mln. Eur (0,3 % BVP, arba 0,5\u00a0% metinio atlygio darbuotojams) papildom\u0173 pajam\u0173 i\u0161 GPM. Tai ir yra pagrindinis veiksnys, d\u0117l kurio mokes\u010di\u0173 plei\u0161tas 2026 m. padid\u0117s 0,5 proc. punkto (\u017er. B pav.). Priimtame GPM \u012fstatyme taip pat nuo 2027 m. nustatytas papildomas neapmokestinamasis pajam\u0173 dydis t\u0117vams (1\u00a0044 Eur per metus u\u017e vien\u0105 vaik\u0105). \u0160is pakeitimas lems, kad mokes\u010di\u0173 plei\u0161tas 2027 m. (kitoms s\u0105lygoms nekintant) tur\u0117t\u0173 suma\u017e\u0117ti iki ma\u017edaug 32,3 proc., nes d\u0117l \u0161io pakeitimo bus negauta beveik 90 mln. Eur pajam\u0173 i\u0161 GPM.<\/p>\n<p><strong>B pav. Mokes\u010di\u0173 plei\u0161tas Lietuvoje<\/strong><\/p>\n<p><strong><img decoding=\"async\" alt=\"Ar \u012fsigaliosiantys pajam\u0173 apmokestinimo pakeitimai paveiks u\u017eimtum\u0105 Lietuvoje?\" src=\"https:\/\/www.lb.lt\/uploads\/documents\/images\/002.jpg\" style=\"width: 100%;\"\/><\/strong><\/p>\n<p><span style=\"font-size:11px;\">\u0160altiniai: Eurostatas, Valstyb\u0117s duomen\u0173 agent\u016bra ir Lietuvos banko skai\u010diavimai.<\/span><\/p>\n<p><strong>Nedaug padid\u0117j\u0119s mokes\u010di\u0173 plei\u0161tas netur\u0117s reik\u0161mingo poveikio u\u017eimtumo augimui Lietuvoje 2026\u20132027 m. <\/strong>Lietuvos banko vertinimai rodo, kad 0,3\u20130,5 proc. punkto didesnis mokes\u010di\u0173 plei\u0161tas u\u017eimtumo augim\u0105 gal\u0117t\u0173 sul\u0117tinti ma\u017edaug 0,04 proc. punkto. Tai netur\u0117t\u0173 stebinti, nes u\u017eimtumo augimas yra kompleksinis rei\u0161kinys, kur\u012f lemia \u012fvair\u016bs kiti da\u017enai tarpusavyje susij\u0119 ekonominiai veiksniai. U\u017eimtum\u0105 tyrin\u0117jan\u010diose ekonomin\u0117se studijose apibendrinama, kad u\u017eimtumui didesn\u0119 \u012ftak\u0105 daro kiti veiksniai, pavyzd\u017eiui, demografiniai poky\u010diai, imigracija, darbo j\u0117gos dalyvumo rodikliai, bendras ekonominio aktyvumo augimas, kuris skatina darbo paklaus\u0105. Svarbi\u0105 reik\u0161m\u0119 turi \u012fmoni\u0173 dydis ir j\u0173 dinamika (nauj\u0173 \u012fmoni\u0173 steigimas, pl\u0117tra, augimas, u\u017edarymas), nes naujos ma\u017eos \u012fmon\u0117s sukuria reik\u0161ming\u0105 nauj\u0173 darbo viet\u0173 dal\u012f (Li, Rama (2015)). Ne k\u0105 ma\u017eiau svarb\u016bs veiksniai yra darbo j\u0117gos produktyvumas\u00a0 ir realusis darbo u\u017emokestis, nes grei\u010diau u\u017e darbo s\u0105naudas kylantis darbo na\u0161umas didina \u012fmoni\u0173 motyvacij\u0105 samdyti daugiau darbuotoj\u0173, ta\u010diau prie\u0161ingu atveju \u2013 pernelyg greitai did\u0117jan\u010dios darbo s\u0105naudos gali stabdyti u\u017eimtumo augim\u0105. Didel\u0119 reik\u0161m\u0119 turi instituciniai ir reguliavimo veiksniai, tokie kaip darbo teis\u0117s apsauga, minimalusis darbo u\u017emokestis ar kolektyvin\u0117 derybin\u0117 galia \u2013 jie gali suma\u017einti darbo rinkos lankstum\u0105 ir sul\u0117tinti nauj\u0173 darbo viet\u0173 k\u016brim\u0105. Galiausiai, i\u0161oriniai veiksniai (tokie kaip tarptautin\u0117 prekyba, tiesiogin\u0117s u\u017esienio investicijos, globalizacija) ir makroekonomin\u0117 aplinka (stabili makroekonomin\u0117 politika, palankios investicij\u0173 s\u0105lygos, tinkama infrastrukt\u016bra) daro poveik\u012f verslo sprendimams d\u0117l investicij\u0173 ir samdymo (Ekonominio bendradarbiavimo ir pl\u0117tros organizacija (EBPO), 2006).<\/p>\n<p><strong>Darbo j\u0117gos apmokestinimas daro skirting\u0105 \u012ftak\u0105 \u012fvairioms nam\u0173 \u016bki\u0173 sud\u0117\u010diai (vieni\u0161iams, poroms, \u0161eimoms su vaikais) ir \u012fvairiems pajam\u0173 lygiams (pvz., 67, 100 ir 167 %, palyginti su VDU).<\/strong> Pabr\u0117\u017eiama (EBPO, 2011), kad gaunantys ma\u017eas pajamas darbuotojai ir antrieji dirbantys \u0161eimos nariai ypa\u010d jautriai reaguoja \u012f mokes\u010di\u0173 pasikeitim\u0105, da\u017eniau kei\u010dia ne darbo valand\u0173 skai\u010di\u0173, bet pat\u012f sprendim\u0105 \u012fsitraukti \u012f darbo rink\u0105. Tod\u0117l rekomenduojama taikyti darbo pajam\u0173 mokes\u010dio kreditus (angl. <em>in-work tax credits<\/em>) arba ma\u017einti socialini\u0173 \u012fmok\u0173 tarifus gaunantiems ma\u017eas pajamas darbuotojams. Mokes\u010di\u0173 sistemos ir pensij\u0173 sistem\u0173 s\u0105veika lemia vyresnio am\u017eiaus darbuotoj\u0173 dalyvavim\u0105 darbo rinkoje. Daugelyje EBPO valstybi\u0173 esamos mokes\u010di\u0173 taisykl\u0117s skatina ankstesn\u012f pasitraukim\u0105 i\u0161 darbo rinkos, tod\u0117l \u0161iems asmenims si\u016bloma ma\u017einti socialini\u0173 \u012fmok\u0173 tarifus ir siekti suvienodinti darbo ir pensij\u0173 pajam\u0173 apmokestinim\u0105. Auk\u0161tos kvalifikacijos mobili\u0173 darbuotoj\u0173 pajam\u0173 elastingumas mokes\u010di\u0173 at\u017evilgiu gali b\u016bti didesnis. Nors empirini\u0173 \u012frodym\u0173 apie masin\u0119 migracij\u0105 d\u0117l mokes\u010di\u0173 n\u0117ra daug, EBPO ataskaitoje (EBPO, 2011) pripa\u017e\u012fstama, kad ribotos mokes\u010di\u0173 lengvatos mobiliai darbo j\u0117gai gali b\u016bti pagr\u012fstos, ypa\u010d dideli\u0173 mokes\u010di\u0173 \u0161alyse. Geras to pavyzdys yra Nyderlandai: \u0161alyje 2001 m. prad\u0117ta taikyti \u201e30 procent\u0173\u201c taisykl\u0117 \u2013 jos esm\u0117 buvo \u012f \u0161al\u012f pritraukti ypa\u010d auk\u0161tos kvalifikacijos darbuotoj\u0173 sudarant jiems galimyb\u0119 de\u0161imt met\u0173 apmokestinti tik 70 proc. j\u0173 u\u017edirbam\u0173 pajam\u0173 (Giarola et al., 2023).<\/p>\n<table align=\"center\" border=\"0\" cellpadding=\"1\" cellspacing=\"1\" style=\"width:800px;\">\n<tbody>\n<tr>\n<td><strong>C pav. Mokes\u010di\u0173 plei\u0161tas Lietuvoje asmenims, kuri\u0173 darbo u\u017emokestis sudaro nuo 3 iki 5 VDU, 2025\u20132026 m.<\/strong><\/td>\n<td><strong>D pav. Vis\u0105 ir ne vis\u0105 darbo dien\u0105 dirbusi\u0173 darbuotoj\u0173 skai\u010dius Lietuvoje 2024 m. pagal darbo u\u017emokes\u010dio dyd\u012f, palyginti su VDU<\/strong><\/td>\n<\/tr>\n<tr>\n<td><img decoding=\"async\" alt=\"Ar \u012fsigaliosiantys pajam\u0173 apmokestinimo pakeitimai paveiks u\u017eimtum\u0105 Lietuvoje?\" src=\"https:\/\/www.lb.lt\/uploads\/documents\/images\/004(2).jpg\" style=\"width: 100%;\"\/><\/td>\n<td><img decoding=\"async\" alt=\"Ar \u012fsigaliosiantys pajam\u0173 apmokestinimo pakeitimai paveiks u\u017eimtum\u0105 Lietuvoje?\" src=\"https:\/\/www.lb.lt\/uploads\/documents\/images\/005(2).jpg\" style=\"width: 100%;\"\/><\/td>\n<\/tr>\n<\/tbody>\n<\/table>\n<p><span style=\"font-size:11px;\">\u0160altiniai: Eurostatas, Valstyb\u0117s duomen\u0173 agent\u016bra ir Lietuvos banko skai\u010diavimai.<\/span><\/p>\n<p><strong>Apskai\u010diuotas GPM pakeitim\u0173 poveikis asmenims, kuri\u0173 darbo u\u017emokestis patenka \u012f 25 proc. GPM tarifo taikymo interval\u0105, rodo, kad toki\u0173 asmen\u0173 mokes\u010di\u0173 plei\u0161tas 2026 m. vidutini\u0161kai gali padid\u0117ti apie 1,2 proc. punkto, palyginti su visa darbo vietos kaina (\u017er. C pav.).<\/strong> Lietuvos banko vertinimai rodo, kad toks mokes\u010di\u0173 plei\u0161to padid\u0117jimas poveikio u\u017eimtumui i\u0161 esm\u0117s netur\u0117s, t. y u\u017eimtumo augim\u0105 gal\u0117t\u0173 sul\u0117tinti ma\u017edaug 0,02 proc. punkto. Svarbu pamin\u0117ti, kad \u0161is vertinimas pagr\u012fstas bendruoju Lietuvos s\u0105ry\u0161iu tarp mokestin\u0117s na\u0161tos ir u\u017eimtumo poky\u010di\u0173, nes \u0161iuo metu n\u0117ra galimyb\u0117s \u012fvertinti u\u017eimtumo poky\u010di\u0173 specifiniame darbo u\u017emokes\u010dio intervalo r\u0117\u017eyje. Viena vertus, toks nereik\u0161mingas poveikis nestebina, nes Lietuvoje darbuotoj\u0173, kuri\u0173 vidutinis darbo u\u017emokestis yra didesnis u\u017e 3 VDU, yra palyginti nedaug: remiantis 2024 m. duomenimis, vis\u0105 ir ne vis\u0105 darbo dien\u0105 dirbusi\u0173 darbuotoj\u0173 skai\u010dius sudar\u0117 apie 16 t\u016bkst. asmen\u0173, arba 1,3 proc. vis\u0173 dirban\u010di\u0173j\u0173 (\u017er. D pav.). Tod\u0117l 1,2 proc. punkto (arba 2,8\u00a0% vidutinio mokes\u010di\u0173 plei\u0161to 2025 m.) padid\u0117j\u0119s mokes\u010di\u0173 plei\u0161tas \u0161i\u0173 asmen\u0173 sprendimo \u201edirbti ar nebedirbti\u201c i\u0161 esm\u0117s nepaveikt\u0173. Kita vertus, kaip rodo ekonominiai tyrimai, ypa\u010d auk\u0161tos kvalifikacijos darbuotojai gali b\u016bti labai mobil\u016bs: 2012 m. Nyderlanduose apribojus \u201e30 procent\u0173\u201c taisykl\u0117s taikym\u0105, v\u0117liau fiksuotas gana reik\u0161mingas did\u017eiausi\u0105 atlyginim\u0105 gaunan\u010di\u0173 asmen\u0173 (vir\u0161utinio 1 %) pasilikimo Nyderlanduose tikimyb\u0117s suma\u017e\u0117jimas pasibaigus \u0161ios taisykl\u0117s taikymo laikotarpiui.<\/p>\n<p><strong>E pav. Did\u017eiausi pajam\u0173 mokes\u010dio tarifai Europos valstyb\u0117se 2025 m.<\/strong><\/p>\n<p><img decoding=\"async\" alt=\"Ar \u012fsigaliosiantys pajam\u0173 apmokestinimo pakeitimai paveiks u\u017eimtum\u0105 Lietuvoje?\" src=\"https:\/\/www.lb.lt\/uploads\/documents\/images\/006.jpg\" style=\"width: 100%;\"\/><\/p>\n<p><span style=\"font-size:11px;\">\u0160altiniai: <em>Trading economics<\/em> ir Lietuvos banko skai\u010diavimai.<\/span><\/p>\n<p>Vis d\u0117lto Lietuvos atveju svarbu tai, kad, \u012fsigaliojus GPM pakeitimams, bendra mokestin\u0117 na\u0161ta dideles pajamas gaunantiems asmenis tebebus reik\u0161mingai ma\u017eesn\u0117 nei kitose Europos valstyb\u0117se (\u017er. E pav.). <strong>Tod\u0117l palyginti nedidelis mokes\u010di\u0173 plei\u0161to pokytis ir d\u0117l jo tik labai nedaug padid\u0117sianti bendra dideles pajamas gaunan\u010di\u0173 asmen\u0173 mokestin\u0117 na\u0161ta nesuteikia pagrindo tik\u0117tis reik\u0161ming\u0173 dideles pajamas gaunan\u010di\u0173 dirban\u010di\u0173j\u0173 u\u017eimtumo poky\u010di\u0173 artimiausiais metais.<\/strong><\/p>\n<\/p><\/div>\n<p><script>\n    !function(f,b,e,v,n,t,s){if(f.fbq)return;n=f.fbq=function(){n.callMethod?\n            n.callMethod.apply(n,arguments):n.queue.push(arguments)};if(!f._fbq)f._fbq=n;\n            n.push=n;n.loaded=!0;n.version='2.0';n.queue=[];t=b.createElement(e);t.async=!0;\n            t.src=v;s=b.getElementsByTagName(e)[0];s.parentNode.insertBefore(t,s)}(window,\n        document,'script','https:\/\/connect.facebook.net\/en_US\/fbevents.js');\n    fbq('init', '449445692451263'); \/\/ Insert your pixel ID here.\n    fbq('track', 'PageView');\n<\/script><br \/>\n<br \/><br \/>\n<br \/><a href=\"https:\/\/www.lb.lt\/lt\/naujienos\/ar-isigaliosiantys-pajamu-apmokestinimo-pakeitimai-paveiks-uzimtuma-lietuvoje\">Source link <\/a><\/p>\n","protected":false},"excerpt":{"rendered":"<p>Lietuvos Respublikos institucijos \u0161i\u0173 met\u0173 bir\u017eelio m\u0117n. pritar\u0117 mokestini\u0173 pakeitim\u0173 paketui, kurio tikslas \u2013 padidinti Valstyb\u0117s gynybos fondo finansavim\u0105 ir u\u017etikrinti tvarias ilgalaikes pajamas \u012f \u0161alies biud\u017eet\u0105. Deklaruojama, kad priimtais Gyventoj\u0173 pajam\u0173 mokes\u010dio \u012fstatymo pakeitimais siekiama teisingiau paskirstyti mokestin\u0119 na\u0161t\u0105 ir ma\u017einti pajam\u0173 nelygyb\u0119, tod\u0117l nustatomas didesnis auk\u0161tesni\u0173 pajam\u0173 apmokestinimo progresyvumas (pradedamas taikyti naujas 25 [&hellip;]<\/p>\n","protected":false},"author":1,"featured_media":2414,"comment_status":"","ping_status":"","sticky":false,"template":"","format":"standard","meta":{"om_disable_all_campaigns":false,"_monsterinsights_skip_tracking":false,"_monsterinsights_sitenote_active":false,"_monsterinsights_sitenote_note":"","_monsterinsights_sitenote_category":0,"footnotes":""},"categories":[3],"tags":[4767,4766,617,889,4307,4768,4769],"class_list":["post-2413","post","type-post","status-publish","format-standard","has-post-thumbnail","hentry","category-finansai","tag-apmokestinimo","tag-isigaliosiantys","tag-lietuvoje","tag-pajamu","tag-pakeitimai","tag-paveiks","tag-uzimtuma"],"aioseo_notices":[],"yoast_head":"<!-- This site is optimized with the Yoast SEO plugin v27.4 - https:\/\/yoast.com\/product\/yoast-seo-wordpress\/ -->\n<title>Ar \u012fsigaliosiantys pajam\u0173 apmokestinimo pakeitimai paveiks u\u017eimtum\u0105 Lietuvoje? - VienaPaskola.LT<\/title>\n<meta name=\"robots\" content=\"index, follow, max-snippet:-1, max-image-preview:large, max-video-preview:-1\" \/>\n<link rel=\"canonical\" href=\"https:\/\/vienapaskola.lt\/index.php\/2025\/12\/29\/ar-isigaliosiantys-pajamu-apmokestinimo-pakeitimai-paveiks-uzimtuma-lietuvoje\/\" \/>\n<meta property=\"og:locale\" content=\"lt_LT\" \/>\n<meta property=\"og:type\" content=\"article\" \/>\n<meta property=\"og:title\" content=\"Ar \u012fsigaliosiantys pajam\u0173 apmokestinimo pakeitimai paveiks u\u017eimtum\u0105 Lietuvoje? - VienaPaskola.LT\" \/>\n<meta property=\"og:description\" content=\"Lietuvos Respublikos institucijos \u0161i\u0173 met\u0173 bir\u017eelio m\u0117n. pritar\u0117 mokestini\u0173 pakeitim\u0173 paketui, kurio tikslas \u2013 padidinti Valstyb\u0117s gynybos fondo finansavim\u0105 ir u\u017etikrinti tvarias ilgalaikes pajamas \u012f \u0161alies biud\u017eet\u0105. Deklaruojama, kad priimtais Gyventoj\u0173 pajam\u0173 mokes\u010dio \u012fstatymo pakeitimais siekiama teisingiau paskirstyti mokestin\u0119 na\u0161t\u0105 ir ma\u017einti pajam\u0173 nelygyb\u0119, tod\u0117l nustatomas didesnis auk\u0161tesni\u0173 pajam\u0173 apmokestinimo progresyvumas (pradedamas taikyti naujas 25 [&hellip;]\" \/>\n<meta property=\"og:url\" content=\"https:\/\/vienapaskola.lt\/index.php\/2025\/12\/29\/ar-isigaliosiantys-pajamu-apmokestinimo-pakeitimai-paveiks-uzimtuma-lietuvoje\/\" \/>\n<meta property=\"og:site_name\" content=\"VienaPaskola.LT\" \/>\n<meta property=\"article:published_time\" content=\"2025-12-29T23:26:27+00:00\" \/>\n<meta property=\"og:image\" content=\"https:\/\/www.lb.lt\/uploads\/documents\/images\/001.jpg\" \/>\n<meta name=\"author\" content=\"admin\" \/>\n<meta name=\"twitter:card\" content=\"summary_large_image\" \/>\n<meta name=\"twitter:label1\" content=\"Written by\" \/>\n\t<meta name=\"twitter:data1\" content=\"admin\" \/>\n\t<meta name=\"twitter:label2\" content=\"Est. reading time\" \/>\n\t<meta name=\"twitter:data2\" content=\"10 minu\u010di\u0173\" \/>\n<script type=\"application\/ld+json\" class=\"yoast-schema-graph\">{\"@context\":\"https:\\\/\\\/schema.org\",\"@graph\":[{\"@type\":\"Article\",\"@id\":\"https:\\\/\\\/vienapaskola.lt\\\/index.php\\\/2025\\\/12\\\/29\\\/ar-isigaliosiantys-pajamu-apmokestinimo-pakeitimai-paveiks-uzimtuma-lietuvoje\\\/#article\",\"isPartOf\":{\"@id\":\"https:\\\/\\\/vienapaskola.lt\\\/index.php\\\/2025\\\/12\\\/29\\\/ar-isigaliosiantys-pajamu-apmokestinimo-pakeitimai-paveiks-uzimtuma-lietuvoje\\\/\"},\"author\":{\"name\":\"admin\",\"@id\":\"https:\\\/\\\/vienapaskola.lt\\\/#\\\/schema\\\/person\\\/fd1e0e3a6f51f419b26be8373355ab9b\"},\"headline\":\"Ar \u012fsigaliosiantys pajam\u0173 apmokestinimo pakeitimai paveiks u\u017eimtum\u0105 Lietuvoje?\",\"datePublished\":\"2025-12-29T23:26:27+00:00\",\"mainEntityOfPage\":{\"@id\":\"https:\\\/\\\/vienapaskola.lt\\\/index.php\\\/2025\\\/12\\\/29\\\/ar-isigaliosiantys-pajamu-apmokestinimo-pakeitimai-paveiks-uzimtuma-lietuvoje\\\/\"},\"wordCount\":1942,\"image\":{\"@id\":\"https:\\\/\\\/vienapaskola.lt\\\/index.php\\\/2025\\\/12\\\/29\\\/ar-isigaliosiantys-pajamu-apmokestinimo-pakeitimai-paveiks-uzimtuma-lietuvoje\\\/#primaryimage\"},\"thumbnailUrl\":\"https:\\\/\\\/vienapaskola.lt\\\/wp-content\\\/uploads\\\/2025\\\/12\\\/Ar-isigaliosiantys-pajamu-apmokestinimo-pakeitimai-paveiks-uzimtuma-Lietuvoje.jpg\",\"keywords\":[\"apmokestinimo\",\"\u012fsigaliosiantys\",\"Lietuvoje\",\"pajam\u0173\",\"pakeitimai\",\"paveiks\",\"u\u017eimtum\u0105\"],\"articleSection\":[\"FINANSAI\"],\"inLanguage\":\"lt-LT\"},{\"@type\":\"WebPage\",\"@id\":\"https:\\\/\\\/vienapaskola.lt\\\/index.php\\\/2025\\\/12\\\/29\\\/ar-isigaliosiantys-pajamu-apmokestinimo-pakeitimai-paveiks-uzimtuma-lietuvoje\\\/\",\"url\":\"https:\\\/\\\/vienapaskola.lt\\\/index.php\\\/2025\\\/12\\\/29\\\/ar-isigaliosiantys-pajamu-apmokestinimo-pakeitimai-paveiks-uzimtuma-lietuvoje\\\/\",\"name\":\"Ar \u012fsigaliosiantys pajam\u0173 apmokestinimo pakeitimai paveiks u\u017eimtum\u0105 Lietuvoje? - VienaPaskola.LT\",\"isPartOf\":{\"@id\":\"https:\\\/\\\/vienapaskola.lt\\\/#website\"},\"primaryImageOfPage\":{\"@id\":\"https:\\\/\\\/vienapaskola.lt\\\/index.php\\\/2025\\\/12\\\/29\\\/ar-isigaliosiantys-pajamu-apmokestinimo-pakeitimai-paveiks-uzimtuma-lietuvoje\\\/#primaryimage\"},\"image\":{\"@id\":\"https:\\\/\\\/vienapaskola.lt\\\/index.php\\\/2025\\\/12\\\/29\\\/ar-isigaliosiantys-pajamu-apmokestinimo-pakeitimai-paveiks-uzimtuma-lietuvoje\\\/#primaryimage\"},\"thumbnailUrl\":\"https:\\\/\\\/vienapaskola.lt\\\/wp-content\\\/uploads\\\/2025\\\/12\\\/Ar-isigaliosiantys-pajamu-apmokestinimo-pakeitimai-paveiks-uzimtuma-Lietuvoje.jpg\",\"datePublished\":\"2025-12-29T23:26:27+00:00\",\"author\":{\"@id\":\"https:\\\/\\\/vienapaskola.lt\\\/#\\\/schema\\\/person\\\/fd1e0e3a6f51f419b26be8373355ab9b\"},\"breadcrumb\":{\"@id\":\"https:\\\/\\\/vienapaskola.lt\\\/index.php\\\/2025\\\/12\\\/29\\\/ar-isigaliosiantys-pajamu-apmokestinimo-pakeitimai-paveiks-uzimtuma-lietuvoje\\\/#breadcrumb\"},\"inLanguage\":\"lt-LT\",\"potentialAction\":[{\"@type\":\"ReadAction\",\"target\":[\"https:\\\/\\\/vienapaskola.lt\\\/index.php\\\/2025\\\/12\\\/29\\\/ar-isigaliosiantys-pajamu-apmokestinimo-pakeitimai-paveiks-uzimtuma-lietuvoje\\\/\"]}]},{\"@type\":\"ImageObject\",\"inLanguage\":\"lt-LT\",\"@id\":\"https:\\\/\\\/vienapaskola.lt\\\/index.php\\\/2025\\\/12\\\/29\\\/ar-isigaliosiantys-pajamu-apmokestinimo-pakeitimai-paveiks-uzimtuma-lietuvoje\\\/#primaryimage\",\"url\":\"https:\\\/\\\/vienapaskola.lt\\\/wp-content\\\/uploads\\\/2025\\\/12\\\/Ar-isigaliosiantys-pajamu-apmokestinimo-pakeitimai-paveiks-uzimtuma-Lietuvoje.jpg\",\"contentUrl\":\"https:\\\/\\\/vienapaskola.lt\\\/wp-content\\\/uploads\\\/2025\\\/12\\\/Ar-isigaliosiantys-pajamu-apmokestinimo-pakeitimai-paveiks-uzimtuma-Lietuvoje.jpg\",\"width\":600,\"height\":315},{\"@type\":\"BreadcrumbList\",\"@id\":\"https:\\\/\\\/vienapaskola.lt\\\/index.php\\\/2025\\\/12\\\/29\\\/ar-isigaliosiantys-pajamu-apmokestinimo-pakeitimai-paveiks-uzimtuma-lietuvoje\\\/#breadcrumb\",\"itemListElement\":[{\"@type\":\"ListItem\",\"position\":1,\"name\":\"Home\",\"item\":\"https:\\\/\\\/vienapaskola.lt\\\/\"},{\"@type\":\"ListItem\",\"position\":2,\"name\":\"Ar \u012fsigaliosiantys pajam\u0173 apmokestinimo pakeitimai paveiks u\u017eimtum\u0105 Lietuvoje?\"}]},{\"@type\":\"WebSite\",\"@id\":\"https:\\\/\\\/vienapaskola.lt\\\/#website\",\"url\":\"https:\\\/\\\/vienapaskola.lt\\\/\",\"name\":\"VienaPaskola.LT\",\"description\":\"Finansai,ekonomika,technologijos\",\"potentialAction\":[{\"@type\":\"SearchAction\",\"target\":{\"@type\":\"EntryPoint\",\"urlTemplate\":\"https:\\\/\\\/vienapaskola.lt\\\/?s={search_term_string}\"},\"query-input\":{\"@type\":\"PropertyValueSpecification\",\"valueRequired\":true,\"valueName\":\"search_term_string\"}}],\"inLanguage\":\"lt-LT\"},{\"@type\":\"Person\",\"@id\":\"https:\\\/\\\/vienapaskola.lt\\\/#\\\/schema\\\/person\\\/fd1e0e3a6f51f419b26be8373355ab9b\",\"name\":\"admin\",\"image\":{\"@type\":\"ImageObject\",\"inLanguage\":\"lt-LT\",\"@id\":\"https:\\\/\\\/secure.gravatar.com\\\/avatar\\\/f37349f777250847d2fca2ada474f5a6aadffa79d5284e8ad354a5c410a691ec?s=96&d=mm&r=g\",\"url\":\"https:\\\/\\\/secure.gravatar.com\\\/avatar\\\/f37349f777250847d2fca2ada474f5a6aadffa79d5284e8ad354a5c410a691ec?s=96&d=mm&r=g\",\"contentUrl\":\"https:\\\/\\\/secure.gravatar.com\\\/avatar\\\/f37349f777250847d2fca2ada474f5a6aadffa79d5284e8ad354a5c410a691ec?s=96&d=mm&r=g\",\"caption\":\"admin\"},\"sameAs\":[\"https:\\\/\\\/vienapaskola.lt\"],\"url\":\"https:\\\/\\\/vienapaskola.lt\\\/index.php\\\/author\\\/admin\\\/\"}]}<\/script>\n<!-- \/ Yoast SEO plugin. -->","yoast_head_json":{"title":"Ar \u012fsigaliosiantys pajam\u0173 apmokestinimo pakeitimai paveiks u\u017eimtum\u0105 Lietuvoje? - VienaPaskola.LT","robots":{"index":"index","follow":"follow","max-snippet":"max-snippet:-1","max-image-preview":"max-image-preview:large","max-video-preview":"max-video-preview:-1"},"canonical":"https:\/\/vienapaskola.lt\/index.php\/2025\/12\/29\/ar-isigaliosiantys-pajamu-apmokestinimo-pakeitimai-paveiks-uzimtuma-lietuvoje\/","og_locale":"lt_LT","og_type":"article","og_title":"Ar \u012fsigaliosiantys pajam\u0173 apmokestinimo pakeitimai paveiks u\u017eimtum\u0105 Lietuvoje? - VienaPaskola.LT","og_description":"Lietuvos Respublikos institucijos \u0161i\u0173 met\u0173 bir\u017eelio m\u0117n. pritar\u0117 mokestini\u0173 pakeitim\u0173 paketui, kurio tikslas \u2013 padidinti Valstyb\u0117s gynybos fondo finansavim\u0105 ir u\u017etikrinti tvarias ilgalaikes pajamas \u012f \u0161alies biud\u017eet\u0105. Deklaruojama, kad priimtais Gyventoj\u0173 pajam\u0173 mokes\u010dio \u012fstatymo pakeitimais siekiama teisingiau paskirstyti mokestin\u0119 na\u0161t\u0105 ir ma\u017einti pajam\u0173 nelygyb\u0119, tod\u0117l nustatomas didesnis auk\u0161tesni\u0173 pajam\u0173 apmokestinimo progresyvumas (pradedamas taikyti naujas 25 [&hellip;]","og_url":"https:\/\/vienapaskola.lt\/index.php\/2025\/12\/29\/ar-isigaliosiantys-pajamu-apmokestinimo-pakeitimai-paveiks-uzimtuma-lietuvoje\/","og_site_name":"VienaPaskola.LT","article_published_time":"2025-12-29T23:26:27+00:00","og_image":[{"url":"https:\/\/www.lb.lt\/uploads\/documents\/images\/001.jpg","type":"","width":"","height":""}],"author":"admin","twitter_card":"summary_large_image","twitter_misc":{"Written by":"admin","Est. reading time":"10 minu\u010di\u0173"},"schema":{"@context":"https:\/\/schema.org","@graph":[{"@type":"Article","@id":"https:\/\/vienapaskola.lt\/index.php\/2025\/12\/29\/ar-isigaliosiantys-pajamu-apmokestinimo-pakeitimai-paveiks-uzimtuma-lietuvoje\/#article","isPartOf":{"@id":"https:\/\/vienapaskola.lt\/index.php\/2025\/12\/29\/ar-isigaliosiantys-pajamu-apmokestinimo-pakeitimai-paveiks-uzimtuma-lietuvoje\/"},"author":{"name":"admin","@id":"https:\/\/vienapaskola.lt\/#\/schema\/person\/fd1e0e3a6f51f419b26be8373355ab9b"},"headline":"Ar \u012fsigaliosiantys pajam\u0173 apmokestinimo pakeitimai paveiks u\u017eimtum\u0105 Lietuvoje?","datePublished":"2025-12-29T23:26:27+00:00","mainEntityOfPage":{"@id":"https:\/\/vienapaskola.lt\/index.php\/2025\/12\/29\/ar-isigaliosiantys-pajamu-apmokestinimo-pakeitimai-paveiks-uzimtuma-lietuvoje\/"},"wordCount":1942,"image":{"@id":"https:\/\/vienapaskola.lt\/index.php\/2025\/12\/29\/ar-isigaliosiantys-pajamu-apmokestinimo-pakeitimai-paveiks-uzimtuma-lietuvoje\/#primaryimage"},"thumbnailUrl":"https:\/\/vienapaskola.lt\/wp-content\/uploads\/2025\/12\/Ar-isigaliosiantys-pajamu-apmokestinimo-pakeitimai-paveiks-uzimtuma-Lietuvoje.jpg","keywords":["apmokestinimo","\u012fsigaliosiantys","Lietuvoje","pajam\u0173","pakeitimai","paveiks","u\u017eimtum\u0105"],"articleSection":["FINANSAI"],"inLanguage":"lt-LT"},{"@type":"WebPage","@id":"https:\/\/vienapaskola.lt\/index.php\/2025\/12\/29\/ar-isigaliosiantys-pajamu-apmokestinimo-pakeitimai-paveiks-uzimtuma-lietuvoje\/","url":"https:\/\/vienapaskola.lt\/index.php\/2025\/12\/29\/ar-isigaliosiantys-pajamu-apmokestinimo-pakeitimai-paveiks-uzimtuma-lietuvoje\/","name":"Ar \u012fsigaliosiantys pajam\u0173 apmokestinimo pakeitimai paveiks u\u017eimtum\u0105 Lietuvoje? - VienaPaskola.LT","isPartOf":{"@id":"https:\/\/vienapaskola.lt\/#website"},"primaryImageOfPage":{"@id":"https:\/\/vienapaskola.lt\/index.php\/2025\/12\/29\/ar-isigaliosiantys-pajamu-apmokestinimo-pakeitimai-paveiks-uzimtuma-lietuvoje\/#primaryimage"},"image":{"@id":"https:\/\/vienapaskola.lt\/index.php\/2025\/12\/29\/ar-isigaliosiantys-pajamu-apmokestinimo-pakeitimai-paveiks-uzimtuma-lietuvoje\/#primaryimage"},"thumbnailUrl":"https:\/\/vienapaskola.lt\/wp-content\/uploads\/2025\/12\/Ar-isigaliosiantys-pajamu-apmokestinimo-pakeitimai-paveiks-uzimtuma-Lietuvoje.jpg","datePublished":"2025-12-29T23:26:27+00:00","author":{"@id":"https:\/\/vienapaskola.lt\/#\/schema\/person\/fd1e0e3a6f51f419b26be8373355ab9b"},"breadcrumb":{"@id":"https:\/\/vienapaskola.lt\/index.php\/2025\/12\/29\/ar-isigaliosiantys-pajamu-apmokestinimo-pakeitimai-paveiks-uzimtuma-lietuvoje\/#breadcrumb"},"inLanguage":"lt-LT","potentialAction":[{"@type":"ReadAction","target":["https:\/\/vienapaskola.lt\/index.php\/2025\/12\/29\/ar-isigaliosiantys-pajamu-apmokestinimo-pakeitimai-paveiks-uzimtuma-lietuvoje\/"]}]},{"@type":"ImageObject","inLanguage":"lt-LT","@id":"https:\/\/vienapaskola.lt\/index.php\/2025\/12\/29\/ar-isigaliosiantys-pajamu-apmokestinimo-pakeitimai-paveiks-uzimtuma-lietuvoje\/#primaryimage","url":"https:\/\/vienapaskola.lt\/wp-content\/uploads\/2025\/12\/Ar-isigaliosiantys-pajamu-apmokestinimo-pakeitimai-paveiks-uzimtuma-Lietuvoje.jpg","contentUrl":"https:\/\/vienapaskola.lt\/wp-content\/uploads\/2025\/12\/Ar-isigaliosiantys-pajamu-apmokestinimo-pakeitimai-paveiks-uzimtuma-Lietuvoje.jpg","width":600,"height":315},{"@type":"BreadcrumbList","@id":"https:\/\/vienapaskola.lt\/index.php\/2025\/12\/29\/ar-isigaliosiantys-pajamu-apmokestinimo-pakeitimai-paveiks-uzimtuma-lietuvoje\/#breadcrumb","itemListElement":[{"@type":"ListItem","position":1,"name":"Home","item":"https:\/\/vienapaskola.lt\/"},{"@type":"ListItem","position":2,"name":"Ar \u012fsigaliosiantys pajam\u0173 apmokestinimo pakeitimai paveiks u\u017eimtum\u0105 Lietuvoje?"}]},{"@type":"WebSite","@id":"https:\/\/vienapaskola.lt\/#website","url":"https:\/\/vienapaskola.lt\/","name":"VienaPaskola.LT","description":"Finansai,ekonomika,technologijos","potentialAction":[{"@type":"SearchAction","target":{"@type":"EntryPoint","urlTemplate":"https:\/\/vienapaskola.lt\/?s={search_term_string}"},"query-input":{"@type":"PropertyValueSpecification","valueRequired":true,"valueName":"search_term_string"}}],"inLanguage":"lt-LT"},{"@type":"Person","@id":"https:\/\/vienapaskola.lt\/#\/schema\/person\/fd1e0e3a6f51f419b26be8373355ab9b","name":"admin","image":{"@type":"ImageObject","inLanguage":"lt-LT","@id":"https:\/\/secure.gravatar.com\/avatar\/f37349f777250847d2fca2ada474f5a6aadffa79d5284e8ad354a5c410a691ec?s=96&d=mm&r=g","url":"https:\/\/secure.gravatar.com\/avatar\/f37349f777250847d2fca2ada474f5a6aadffa79d5284e8ad354a5c410a691ec?s=96&d=mm&r=g","contentUrl":"https:\/\/secure.gravatar.com\/avatar\/f37349f777250847d2fca2ada474f5a6aadffa79d5284e8ad354a5c410a691ec?s=96&d=mm&r=g","caption":"admin"},"sameAs":["https:\/\/vienapaskola.lt"],"url":"https:\/\/vienapaskola.lt\/index.php\/author\/admin\/"}]}},"_links":{"self":[{"href":"https:\/\/vienapaskola.lt\/index.php\/wp-json\/wp\/v2\/posts\/2413","targetHints":{"allow":["GET"]}}],"collection":[{"href":"https:\/\/vienapaskola.lt\/index.php\/wp-json\/wp\/v2\/posts"}],"about":[{"href":"https:\/\/vienapaskola.lt\/index.php\/wp-json\/wp\/v2\/types\/post"}],"author":[{"embeddable":true,"href":"https:\/\/vienapaskola.lt\/index.php\/wp-json\/wp\/v2\/users\/1"}],"replies":[{"embeddable":true,"href":"https:\/\/vienapaskola.lt\/index.php\/wp-json\/wp\/v2\/comments?post=2413"}],"version-history":[{"count":0,"href":"https:\/\/vienapaskola.lt\/index.php\/wp-json\/wp\/v2\/posts\/2413\/revisions"}],"wp:featuredmedia":[{"embeddable":true,"href":"https:\/\/vienapaskola.lt\/index.php\/wp-json\/wp\/v2\/media\/2414"}],"wp:attachment":[{"href":"https:\/\/vienapaskola.lt\/index.php\/wp-json\/wp\/v2\/media?parent=2413"}],"wp:term":[{"taxonomy":"category","embeddable":true,"href":"https:\/\/vienapaskola.lt\/index.php\/wp-json\/wp\/v2\/categories?post=2413"},{"taxonomy":"post_tag","embeddable":true,"href":"https:\/\/vienapaskola.lt\/index.php\/wp-json\/wp\/v2\/tags?post=2413"}],"curies":[{"name":"wp","href":"https:\/\/api.w.org\/{rel}","templated":true}]}}