{"id":3003,"date":"2026-09-04T14:50:29","date_gmt":"2026-09-04T14:50:29","guid":{"rendered":"https:\/\/vienapaskola.lt\/index.php\/2026\/09\/04\/pristatytos-kauno-akcentu-ir-gyvu-sienu-igyvendinimo-galimybes\/"},"modified":"2026-09-04T14:50:29","modified_gmt":"2026-09-04T14:50:29","slug":"pristatytos-kauno-akcentu-ir-gyvu-sienu-igyvendinimo-galimybes","status":"publish","type":"post","link":"https:\/\/vienapaskola.lt\/index.php\/2026\/09\/04\/pristatytos-kauno-akcentu-ir-gyvu-sienu-igyvendinimo-galimybes\/","title":{"rendered":"pristatytos \u201eKauno akcent\u0173\u201c ir \u201eGyv\u0173 sien\u0173\u201c \u012fgyvendinimo galimyb\u0117s"},"content":{"rendered":"<p> <br \/>\n<\/p>\n<div>\n<ol class=\"breadcrumb\">\n<li>Prad\u017eia<\/li>\n<li>Naujienos<\/li>\n<li>Kaune \u012f susitikim\u0105 pakviesti \u0161alies menininkai: pristatytos \u201eKauno akcent\u0173\u201c ir \u201eGyv\u0173 sien\u0173\u201c \u012fgyvendinimo galimyb\u0117s<\/li>\n<\/ol>\n<div class=\"post_featured_img_wrap\"><\/div>\n<div class=\"post_date\">\n<p>Paskelbta: 2026-09-04 (Penktadienis)<\/p>\n<\/p><\/div>\n<\/p><\/div>\n<div data-post-id=\"216064\">\n<p><strong>Kaunas jau beveik de\u0161imtmet\u012f vie\u0161\u0105sias erdves pildo profesionaliais meno k\u016briniais.<\/strong> <strong>Rugs\u0117jo 4-\u0105j\u0105 Kauno miesto savivaldyb\u0117je susirink\u0119 menininkai ir savivaldyb\u0117s atstovai aptar\u0117 \u201eKauno akcent\u0173\u201c programos galimybes, \u201eGyv\u0173 sien\u0173\u201c iniciatyv\u0105 bei naujas id\u0117jas, galin\u010dias papildyti miesto galerij\u0105 po atviru dangumi. <\/strong><\/p>\n<p>Pirm\u0105j\u012f rugs\u0117jo penktadien\u012f Kauno meras Visvaldas Matijo\u0161aitis kartu su komanda pakviet\u0117 Lietuvos menininkus \u012f neformal\u0173 susitikim\u0105. Did\u017eiojoje sal\u0117je diskutuota ne tik apie jau \u012fgyvendintus darbus, bet ir apie tai, kaip dar daugiau kokybi\u0161ko meno gal\u0117t\u0173 atsirasti Kauno vie\u0161osiose erdv\u0117se.<\/p>\n<p>\u201eNorime kalb\u0117tis kaip \u017emon\u0117s su \u017emon\u0117mis \u2013 i\u0161girsti menininkus, j\u0173 id\u0117jas ir poreikius. Kaune yra daug erdvi\u0173, kurias galima papuo\u0161ti j\u016bs\u0173 darbais. Kvie\u010diu kurti kartu ir toliau pildyti m\u016bs\u0173 miesto galerij\u0105 po atviru dangumi\u201c, \u2013 susitikime sak\u0117 meras.<\/p>\n<p><img fetchpriority=\"high\" decoding=\"async\" class=\"alignnone size-large wp-image-216088\" src=\"https:\/\/www.kaunas.lt\/wp-content\/uploads\/sites\/13\/2026\/09\/20260904-DOM_4304-1024x681.jpg\" alt=\"\" width=\"1024\" height=\"681\" srcset=\"https:\/\/www.kaunas.lt\/wp-content\/uploads\/sites\/13\/2026\/09\/20260904-DOM_4304-1024x681.jpg 1024w, https:\/\/www.kaunas.lt\/wp-content\/uploads\/sites\/13\/2026\/09\/20260904-DOM_4304-300x200.jpg 300w, https:\/\/www.kaunas.lt\/wp-content\/uploads\/sites\/13\/2026\/09\/20260904-DOM_4304-768x511.jpg 768w, https:\/\/www.kaunas.lt\/wp-content\/uploads\/sites\/13\/2026\/09\/20260904-DOM_4304-1536x1022.jpg 1536w, https:\/\/www.kaunas.lt\/wp-content\/uploads\/sites\/13\/2026\/09\/20260904-DOM_4304-2048x1363.jpg 2048w, https:\/\/www.kaunas.lt\/wp-content\/uploads\/sites\/13\/2026\/09\/20260904-DOM_4304-720x480.jpg 720w\" sizes=\"(max-width: 1024px) 100vw, 1024px\"\/><\/p>\n<p>Susitikimo metu Miesto pl\u0117tros ir paveldosaugos skyriaus ved\u0117jas Saulius Rimas pristat\u0117 \u201eKauno akcentai\u201c program\u0105 ir \u201eGyvos sienos\u201c iniciatyv\u0105 bei j\u0173 finansavimo ir \u012fgyvendinimo galimybes. Diskusijoje taip pat dalyvavo 60 \u0161alies meninink\u0173, Lietuvos dailinink\u0173 s\u0105jungos Kauno skyriaus pirminink\u0117 Rebeka Bruder bei savivaldyb\u0117s specialistai.<\/p>\n<p>\u201eLaukiame \u012fvairi\u0173 sri\u010di\u0173 meninink\u0173 id\u0117j\u0173 \u2013 nuo skulpt\u016br\u0173 ar dizaino objekt\u0173 iki gatv\u0117s meno ir pie\u0161ini\u0173 ant sien\u0173. Svarbiausia, kad k\u016brinys b\u016bt\u0173 kokybi\u0161kas, tur\u0117t\u0173 ai\u0161ki\u0105 id\u0117j\u0105 ir rast\u0173 savo viet\u0105 mieste\u201c, \u2013 teig\u0117 S. Rimas.<\/p>\n<p>Skyriaus ved\u0117jas skatino k\u016br\u0117jus labiau pa\u017einti Kaun\u0105 ir neapsiriboti vien tik pagrindin\u0117mis miesto lokacijomis, tokiomis kaip Laisv\u0117s al\u0117ja, Santakos parkas ar senamiestis. Pasak jo, Kaunas yra senas, gili\u0105 istorij\u0105 turintis miestas, kuri slypi ne tik jo centre.<\/p>\n<p><img loading=\"lazy\" decoding=\"async\" class=\"alignnone size-large wp-image-216119\" src=\"https:\/\/www.kaunas.lt\/wp-content\/uploads\/sites\/13\/2026\/09\/20260904-DOM_4480-1-1024x681.jpg\" alt=\"\" width=\"1024\" height=\"681\" srcset=\"https:\/\/www.kaunas.lt\/wp-content\/uploads\/sites\/13\/2026\/09\/20260904-DOM_4480-1-1024x681.jpg 1024w, https:\/\/www.kaunas.lt\/wp-content\/uploads\/sites\/13\/2026\/09\/20260904-DOM_4480-1-300x200.jpg 300w, https:\/\/www.kaunas.lt\/wp-content\/uploads\/sites\/13\/2026\/09\/20260904-DOM_4480-1-768x511.jpg 768w, https:\/\/www.kaunas.lt\/wp-content\/uploads\/sites\/13\/2026\/09\/20260904-DOM_4480-1-1536x1022.jpg 1536w, https:\/\/www.kaunas.lt\/wp-content\/uploads\/sites\/13\/2026\/09\/20260904-DOM_4480-1-2048x1363.jpg 2048w, https:\/\/www.kaunas.lt\/wp-content\/uploads\/sites\/13\/2026\/09\/20260904-DOM_4480-1-720x480.jpg 720w\" sizes=\"auto, (max-width: 1024px) 100vw, 1024px\"\/><\/p>\n<p>\u201eKauno akcent\u0173\u201c programa vyksta nuo 2017 met\u0173. Ja siekiama vie\u0161\u0105sias miesto erdves papildyti skulpt\u016bromis, dizaino objektais, \u0161viesos instaliacijomis, ap\u0161vietimo ir gatv\u0117s meno k\u016briniais. Per \u0161\u012f laikotarp\u012f Kaune \u012fgyvendinti jau 155 projektai.<\/p>\n<p>Atskiras d\u0117mesys skirtas ir \u201eGyvos sienos\u201c iniciatyvai, leid\u017eian\u010diai pilkas, tu\u0161\u010dias ar laiko ir vandal\u0173 pa\u017eeistas pastat\u0173 sienas paversti meno objektais. \u0160ioje platformoje menininkai gali rasti k\u016brybai si\u016blomas sienas, o j\u0173 savininkai \u2013 susipa\u017einti su autori\u0173 darbais ir id\u0117jomis.<\/p>\n<p>Prie toki\u0173 projekt\u0173 gali prisid\u0117ti ir daugiabu\u010di\u0173 bendruomen\u0117s. Norint pastato sien\u0105 pasi\u016blyti menui, pirmiausia reikia gauti gyventoj\u0173 sutikim\u0105. Radus tinkam\u0105 meninink\u0105 ir k\u016brinio id\u0117j\u0105 projektas gali b\u016bti teikiamas \u201eKauno akcent\u0173\u201c programai.<\/p>\n<p><img loading=\"lazy\" decoding=\"async\" class=\"alignnone size-large wp-image-216084\" src=\"https:\/\/www.kaunas.lt\/wp-content\/uploads\/sites\/13\/2026\/09\/20260904-DOM_4293-1024x681.jpg\" alt=\"\" width=\"1024\" height=\"681\" srcset=\"https:\/\/www.kaunas.lt\/wp-content\/uploads\/sites\/13\/2026\/09\/20260904-DOM_4293-1024x681.jpg 1024w, https:\/\/www.kaunas.lt\/wp-content\/uploads\/sites\/13\/2026\/09\/20260904-DOM_4293-300x200.jpg 300w, https:\/\/www.kaunas.lt\/wp-content\/uploads\/sites\/13\/2026\/09\/20260904-DOM_4293-768x511.jpg 768w, https:\/\/www.kaunas.lt\/wp-content\/uploads\/sites\/13\/2026\/09\/20260904-DOM_4293-1536x1022.jpg 1536w, https:\/\/www.kaunas.lt\/wp-content\/uploads\/sites\/13\/2026\/09\/20260904-DOM_4293-2048x1363.jpg 2048w, https:\/\/www.kaunas.lt\/wp-content\/uploads\/sites\/13\/2026\/09\/20260904-DOM_4293-720x480.jpg 720w\" sizes=\"auto, (max-width: 1024px) 100vw, 1024px\"\/><\/p>\n<p>Parai\u0161kos priimamos visus metus ir pildomos elektroniniu b\u016bdu. Jei tokios galimyb\u0117s n\u0117ra, jas galima pristatyti ra\u0161tu. Svarbiausia ai\u0161kiai atskleisti k\u016brinio id\u0117j\u0105 \u2013 pateikti vizualizacij\u0105, foto monta\u017e\u0105, eskiz\u0105 ar kit\u0105 vaizdin\u0119 med\u017eiag\u0105, leid\u017eian\u010di\u0105 \u012fvertinti, kaip si\u016blomas k\u016brinys atrodyt\u0173 konkre\u010dioje aplinkoje. Patvirtint\u0173 id\u0117j\u0173 \u012fgyvendinimas gali b\u016bti finansuojamas visi\u0161kai arba i\u0161 dalies.<\/p>\n<p>Daugiau informacijos apie \u201eKauno akcent\u0173\u201c program\u0105, parai\u0161k\u0173 teikimo tvark\u0105 ir \u012fgyvendintus projektus galima rasti: akcentai.kaunas.lt\/.<\/p>\n<p>Informacija apie \u201eGyv\u0173 sien\u0173\u201c iniciatyv\u0105, k\u016brybai si\u016blomas vietas ir projekt\u0173 \u012fgyvendinimo keli\u0105 skelbiama: gyvosienos.kaunas.lt\/.<\/p>\n<p style=\"text-align: right\"><em>Ry\u0161i\u0173 su visuomene skyriaus informacija <\/em><\/p>\n<\/p><\/div>\n<p><script>\n(function(d, s, id) {\n  var js, fjs = d.getElementsByTagName(s)[0];\n  if (d.getElementById(id)) return;\n  js = d.createElement(s); js.id = id;\n  js.src = \"\/\/connect.facebook.net\/lt_LT\/sdk.js#xfbml=1&version=v2.5&appId=118913718193570\";\n  fjs.parentNode.insertBefore(js, fjs);\n}(document, 'script', 'facebook-jssdk'));<\/script><script>(function(d, s, id) {\n\t\t\t\t\t\t\t\t\t\t\t  var js, fjs = d.getElementsByTagName(s)[0];\n\t\t\t\t\t\t\t\t\t\t\t  if (d.getElementById(id)) return;\n\t\t\t\t\t\t\t\t\t\t\t  js = d.createElement(s); js.id = id;\n\t\t\t\t\t\t\t\t\t\t\t  js.src = \"\/\/connect.facebook.net\/lt_LT\/sdk.js#xfbml=1&version=v2.3&appId=118913718193570\";\n\t\t\t\t\t\t\t\t\t\t\t  fjs.parentNode.insertBefore(js, fjs);\n\t\t\t\t\t\t\t\t\t\t\t}(document, 'script', 'facebook-jssdk'));\n\t\t\t\t\t\t\t\t\t\t\t<\/script><br \/>\n<br \/><br \/>\n<br \/><a href=\"https:\/\/www.kaunas.lt\/2026\/09\/04\/kaune-i-susitikima-pakviesti-salies-menininkai-pristatytos-kauno-akcentu-ir-gyvu-sienu-igyvendinimo-galimybes\/\">Source link <\/a><\/p>\n","protected":false},"excerpt":{"rendered":"<p>Prad\u017eia Naujienos Kaune \u012f susitikim\u0105 pakviesti \u0161alies menininkai: pristatytos \u201eKauno akcent\u0173\u201c ir \u201eGyv\u0173 sien\u0173\u201c \u012fgyvendinimo galimyb\u0117s Paskelbta: 2026-09-04 (Penktadienis) Kaunas jau beveik de\u0161imtmet\u012f vie\u0161\u0105sias erdves pildo profesionaliais meno k\u016briniais. Rugs\u0117jo 4-\u0105j\u0105 Kauno miesto savivaldyb\u0117je susirink\u0119 menininkai ir savivaldyb\u0117s atstovai aptar\u0117 \u201eKauno akcent\u0173\u201c programos galimybes, \u201eGyv\u0173 sien\u0173\u201c iniciatyv\u0105 bei naujas id\u0117jas, galin\u010dias papildyti miesto galerij\u0105 po [&hellip;]<\/p>\n","protected":false},"author":1,"featured_media":3004,"comment_status":"","ping_status":"","sticky":false,"template":"","format":"standard","meta":{"om_disable_all_campaigns":false,"_monsterinsights_skip_tracking":false,"footnotes":""},"categories":[369],"tags":[5379,4286,5380,1443,1156,5378,5381],"class_list":["post-3003","post","type-post","status-publish","format-standard","has-post-thumbnail","hentry","category-salies-naujienos-renginiai","tag-akcentu","tag-galimybes","tag-gyvu","tag-igyvendinimo","tag-kauno","tag-pristatytos","tag-sienu"],"aioseo_notices":[],"aioseo_head":"\n\t\t<!-- All in One SEO 5.0.1.1 - aioseo.com -->\n\t<meta name=\"description\" content=\"Prad\u017eiaNaujienosKaune \u012f susitikim\u0105 pakviesti \u0161alies menininkai: pristatytos \u201eKauno akcent\u0173\u201c ir \u201eGyv\u0173 sien\u0173\u201c \u012fgyvendinimo galimyb\u0117s Paskelbta: 2026-09-04 (Penktadienis) Kaunas jau beveik de\u0161imtmet\u012f vie\u0161\u0105sias erdves pildo profesionaliais meno k\u016briniais. Rugs\u0117jo 4-\u0105j\u0105 Kauno miesto savivaldyb\u0117je susirink\u0119 menininkai ir savivaldyb\u0117s atstovai aptar\u0117 \u201eKauno akcent\u0173\u201c programos galimybes, \u201eGyv\u0173 sien\u0173\u201c iniciatyv\u0105 bei naujas id\u0117jas, galin\u010dias papildyti miesto galerij\u0105 po atviru dangumi.\" \/>\n\t<meta name=\"robots\" content=\"max-image-preview:large\" \/>\n\t<meta name=\"author\" content=\"admin\"\/>\n\t<meta name=\"google-site-verification\" content=\"ji77nXn3Nbq3qB2zX2ryMrAUoWB8-dKiEe1-MVQJ42M\" \/>\n\t<link rel=\"canonical\" href=\"https:\/\/vienapaskola.lt\/index.php\/2026\/09\/04\/pristatytos-kauno-akcentu-ir-gyvu-sienu-igyvendinimo-galimybes\/\" \/>\n\t<meta name=\"generator\" content=\"All in One SEO (AIOSEO) 5.0.1.1\" \/>\n\t\t<meta property=\"og:locale\" content=\"lt_LT\" \/>\n\t\t<meta property=\"og:site_name\" content=\"VienaPaskola.LT - Finansai,ekonomika,technologijos\" \/>\n\t\t<meta property=\"og:type\" content=\"article\" \/>\n\t\t<meta property=\"og:title\" content=\"pristatytos \u201eKauno akcent\u0173\u201c ir \u201eGyv\u0173 sien\u0173\u201c \u012fgyvendinimo galimyb\u0117s - VienaPaskola.LT\" \/>\n\t\t<meta property=\"og:description\" content=\"Prad\u017eiaNaujienosKaune \u012f susitikim\u0105 pakviesti \u0161alies menininkai: pristatytos \u201eKauno akcent\u0173\u201c ir \u201eGyv\u0173 sien\u0173\u201c \u012fgyvendinimo galimyb\u0117s Paskelbta: 2026-09-04 (Penktadienis) Kaunas jau beveik de\u0161imtmet\u012f vie\u0161\u0105sias erdves pildo profesionaliais meno k\u016briniais. Rugs\u0117jo 4-\u0105j\u0105 Kauno miesto savivaldyb\u0117je susirink\u0119 menininkai ir savivaldyb\u0117s atstovai aptar\u0117 \u201eKauno akcent\u0173\u201c programos galimybes, \u201eGyv\u0173 sien\u0173\u201c iniciatyv\u0105 bei naujas id\u0117jas, galin\u010dias papildyti miesto galerij\u0105 po atviru dangumi.\" \/>\n\t\t<meta property=\"og:url\" content=\"https:\/\/vienapaskola.lt\/index.php\/2026\/09\/04\/pristatytos-kauno-akcentu-ir-gyvu-sienu-igyvendinimo-galimybes\/\" \/>\n\t\t<meta property=\"article:published_time\" content=\"2026-09-04T14:50:29+00:00\" \/>\n\t\t<meta property=\"article:modified_time\" content=\"2026-09-04T14:50:29+00:00\" \/>\n\t\t<meta name=\"twitter:card\" content=\"summary_large_image\" \/>\n\t\t<meta name=\"twitter:title\" content=\"pristatytos \u201eKauno akcent\u0173\u201c ir \u201eGyv\u0173 sien\u0173\u201c \u012fgyvendinimo galimyb\u0117s - VienaPaskola.LT\" \/>\n\t\t<meta name=\"twitter:description\" content=\"Prad\u017eiaNaujienosKaune \u012f susitikim\u0105 pakviesti \u0161alies menininkai: pristatytos \u201eKauno akcent\u0173\u201c ir \u201eGyv\u0173 sien\u0173\u201c \u012fgyvendinimo galimyb\u0117s Paskelbta: 2026-09-04 (Penktadienis) Kaunas jau beveik de\u0161imtmet\u012f vie\u0161\u0105sias erdves pildo profesionaliais meno k\u016briniais. Rugs\u0117jo 4-\u0105j\u0105 Kauno miesto savivaldyb\u0117je susirink\u0119 menininkai ir savivaldyb\u0117s atstovai aptar\u0117 \u201eKauno akcent\u0173\u201c programos galimybes, \u201eGyv\u0173 sien\u0173\u201c iniciatyv\u0105 bei naujas id\u0117jas, galin\u010dias papildyti miesto galerij\u0105 po atviru dangumi.\" \/>\n\t\t<script type=\"application\/ld+json\" class=\"aioseo-schema\">\n\t\t\t{\"@context\":\"https:\\\/\\\/schema.org\",\"@graph\":[{\"@type\":\"BlogPosting\",\"@id\":\"https:\\\/\\\/vienapaskola.lt\\\/index.php\\\/2026\\\/09\\\/04\\\/pristatytos-kauno-akcentu-ir-gyvu-sienu-igyvendinimo-galimybes\\\/#blogposting\",\"name\":\"pristatytos \\u201eKauno akcent\\u0173\\u201c ir \\u201eGyv\\u0173 sien\\u0173\\u201c \\u012fgyvendinimo galimyb\\u0117s - VienaPaskola.LT\",\"headline\":\"pristatytos \\u201eKauno akcent\\u0173\\u201c ir \\u201eGyv\\u0173 sien\\u0173\\u201c \\u012fgyvendinimo galimyb\\u0117s\",\"author\":{\"@id\":\"https:\\\/\\\/vienapaskola.lt\\\/index.php\\\/author\\\/admin\\\/#author\"},\"publisher\":{\"@id\":\"https:\\\/\\\/vienapaskola.lt\\\/#organization\"},\"image\":{\"@type\":\"ImageObject\",\"url\":\"https:\\\/\\\/vienapaskola.lt\\\/wp-content\\\/uploads\\\/2026\\\/09\\\/pristatytos-\\u201eKauno-akcentu-ir-\\u201eGyvu-sienu-igyvendinimo-galimybes.jpg\",\"width\":2560,\"height\":1703},\"datePublished\":\"2026-09-04T14:50:29+00:00\",\"dateModified\":\"2026-09-04T14:50:29+00:00\",\"inLanguage\":\"lt-LT\",\"mainEntityOfPage\":{\"@id\":\"https:\\\/\\\/vienapaskola.lt\\\/index.php\\\/2026\\\/09\\\/04\\\/pristatytos-kauno-akcentu-ir-gyvu-sienu-igyvendinimo-galimybes\\\/#webpage\"},\"isPartOf\":{\"@id\":\"https:\\\/\\\/vienapaskola.lt\\\/index.php\\\/2026\\\/09\\\/04\\\/pristatytos-kauno-akcentu-ir-gyvu-sienu-igyvendinimo-galimybes\\\/#webpage\"},\"articleSection\":\"\\u0160ALIES NAUJIENOS, akcent\\u0173, galimyb\\u0117s, Gyv\\u0173, \\u012fgyvendinimo, Kauno, pristatytos, sien\\u0173\"},{\"@type\":\"BreadcrumbList\",\"@id\":\"https:\\\/\\\/vienapaskola.lt\\\/index.php\\\/2026\\\/09\\\/04\\\/pristatytos-kauno-akcentu-ir-gyvu-sienu-igyvendinimo-galimybes\\\/#breadcrumblist\",\"itemListElement\":[{\"@type\":\"ListItem\",\"@id\":\"https:\\\/\\\/vienapaskola.lt#listItem\",\"position\":1,\"name\":\"Home\",\"item\":\"https:\\\/\\\/vienapaskola.lt\",\"nextItem\":{\"@type\":\"ListItem\",\"@id\":\"https:\\\/\\\/vienapaskola.lt\\\/index.php\\\/category\\\/salies-naujienos-renginiai\\\/#listItem\",\"name\":\"\\u0160ALIES NAUJIENOS\"}},{\"@type\":\"ListItem\",\"@id\":\"https:\\\/\\\/vienapaskola.lt\\\/index.php\\\/category\\\/salies-naujienos-renginiai\\\/#listItem\",\"position\":2,\"name\":\"\\u0160ALIES NAUJIENOS\",\"item\":\"https:\\\/\\\/vienapaskola.lt\\\/index.php\\\/category\\\/salies-naujienos-renginiai\\\/\",\"nextItem\":{\"@type\":\"ListItem\",\"@id\":\"https:\\\/\\\/vienapaskola.lt\\\/index.php\\\/2026\\\/09\\\/04\\\/pristatytos-kauno-akcentu-ir-gyvu-sienu-igyvendinimo-galimybes\\\/#listItem\",\"name\":\"pristatytos \\u201eKauno akcent\\u0173\\u201c ir \\u201eGyv\\u0173 sien\\u0173\\u201c \\u012fgyvendinimo galimyb\\u0117s\"},\"previousItem\":{\"@type\":\"ListItem\",\"@id\":\"https:\\\/\\\/vienapaskola.lt#listItem\",\"name\":\"Home\"}},{\"@type\":\"ListItem\",\"@id\":\"https:\\\/\\\/vienapaskola.lt\\\/index.php\\\/2026\\\/09\\\/04\\\/pristatytos-kauno-akcentu-ir-gyvu-sienu-igyvendinimo-galimybes\\\/#listItem\",\"position\":3,\"name\":\"pristatytos \\u201eKauno akcent\\u0173\\u201c ir \\u201eGyv\\u0173 sien\\u0173\\u201c \\u012fgyvendinimo galimyb\\u0117s\",\"previousItem\":{\"@type\":\"ListItem\",\"@id\":\"https:\\\/\\\/vienapaskola.lt\\\/index.php\\\/category\\\/salies-naujienos-renginiai\\\/#listItem\",\"name\":\"\\u0160ALIES NAUJIENOS\"}}]},{\"@type\":\"Organization\",\"@id\":\"https:\\\/\\\/vienapaskola.lt\\\/#organization\",\"name\":\"VienaPaskola.LT\",\"description\":\"Finansai,ekonomika,technologijos\",\"url\":\"https:\\\/\\\/vienapaskola.lt\\\/\"},{\"@type\":\"Person\",\"@id\":\"https:\\\/\\\/vienapaskola.lt\\\/index.php\\\/author\\\/admin\\\/#author\",\"url\":\"https:\\\/\\\/vienapaskola.lt\\\/index.php\\\/author\\\/admin\\\/\",\"name\":\"admin\",\"image\":{\"@type\":\"ImageObject\",\"@id\":\"https:\\\/\\\/vienapaskola.lt\\\/index.php\\\/2026\\\/09\\\/04\\\/pristatytos-kauno-akcentu-ir-gyvu-sienu-igyvendinimo-galimybes\\\/#authorImage\",\"url\":\"https:\\\/\\\/secure.gravatar.com\\\/avatar\\\/f37349f777250847d2fca2ada474f5a6aadffa79d5284e8ad354a5c410a691ec?s=96&d=mm&r=g\",\"width\":96,\"height\":96,\"caption\":\"admin\"}},{\"@type\":\"WebPage\",\"@id\":\"https:\\\/\\\/vienapaskola.lt\\\/index.php\\\/2026\\\/09\\\/04\\\/pristatytos-kauno-akcentu-ir-gyvu-sienu-igyvendinimo-galimybes\\\/#webpage\",\"url\":\"https:\\\/\\\/vienapaskola.lt\\\/index.php\\\/2026\\\/09\\\/04\\\/pristatytos-kauno-akcentu-ir-gyvu-sienu-igyvendinimo-galimybes\\\/\",\"name\":\"pristatytos \\u201eKauno akcent\\u0173\\u201c ir \\u201eGyv\\u0173 sien\\u0173\\u201c \\u012fgyvendinimo galimyb\\u0117s - VienaPaskola.LT\",\"description\":\"Prad\\u017eiaNaujienosKaune \\u012f susitikim\\u0105 pakviesti \\u0161alies menininkai: pristatytos \\u201eKauno akcent\\u0173\\u201c ir \\u201eGyv\\u0173 sien\\u0173\\u201c \\u012fgyvendinimo galimyb\\u0117s Paskelbta: 2026-09-04 (Penktadienis) Kaunas jau beveik de\\u0161imtmet\\u012f vie\\u0161\\u0105sias erdves pildo profesionaliais meno k\\u016briniais. Rugs\\u0117jo 4-\\u0105j\\u0105 Kauno miesto savivaldyb\\u0117je susirink\\u0119 menininkai ir savivaldyb\\u0117s atstovai aptar\\u0117 \\u201eKauno akcent\\u0173\\u201c programos galimybes, \\u201eGyv\\u0173 sien\\u0173\\u201c iniciatyv\\u0105 bei naujas id\\u0117jas, galin\\u010dias papildyti miesto galerij\\u0105 po atviru dangumi.\",\"inLanguage\":\"lt-LT\",\"isPartOf\":{\"@id\":\"https:\\\/\\\/vienapaskola.lt\\\/#website\"},\"breadcrumb\":{\"@id\":\"https:\\\/\\\/vienapaskola.lt\\\/index.php\\\/2026\\\/09\\\/04\\\/pristatytos-kauno-akcentu-ir-gyvu-sienu-igyvendinimo-galimybes\\\/#breadcrumblist\"},\"author\":{\"@id\":\"https:\\\/\\\/vienapaskola.lt\\\/index.php\\\/author\\\/admin\\\/#author\"},\"creator\":{\"@id\":\"https:\\\/\\\/vienapaskola.lt\\\/index.php\\\/author\\\/admin\\\/#author\"},\"image\":{\"@type\":\"ImageObject\",\"url\":\"https:\\\/\\\/vienapaskola.lt\\\/wp-content\\\/uploads\\\/2026\\\/09\\\/pristatytos-\\u201eKauno-akcentu-ir-\\u201eGyvu-sienu-igyvendinimo-galimybes.jpg\",\"@id\":\"https:\\\/\\\/vienapaskola.lt\\\/index.php\\\/2026\\\/09\\\/04\\\/pristatytos-kauno-akcentu-ir-gyvu-sienu-igyvendinimo-galimybes\\\/#mainImage\",\"width\":2560,\"height\":1703},\"primaryImageOfPage\":{\"@id\":\"https:\\\/\\\/vienapaskola.lt\\\/index.php\\\/2026\\\/09\\\/04\\\/pristatytos-kauno-akcentu-ir-gyvu-sienu-igyvendinimo-galimybes\\\/#mainImage\"},\"datePublished\":\"2026-09-04T14:50:29+00:00\",\"dateModified\":\"2026-09-04T14:50:29+00:00\"},{\"@type\":\"WebSite\",\"@id\":\"https:\\\/\\\/vienapaskola.lt\\\/#website\",\"url\":\"https:\\\/\\\/vienapaskola.lt\\\/\",\"name\":\"VienaPaskola.LT\",\"description\":\"Finansai,ekonomika,technologijos\",\"inLanguage\":\"lt-LT\",\"publisher\":{\"@id\":\"https:\\\/\\\/vienapaskola.lt\\\/#organization\"}}]}\n\t\t<\/script>\n\t\t<!-- All in One SEO -->\n\n","aioseo_head_json":{"title":"pristatytos \u201eKauno akcent\u0173\u201c ir \u201eGyv\u0173 sien\u0173\u201c \u012fgyvendinimo galimyb\u0117s - VienaPaskola.LT","description":"Prad\u017eiaNaujienosKaune \u012f susitikim\u0105 pakviesti \u0161alies menininkai: pristatytos \u201eKauno akcent\u0173\u201c ir \u201eGyv\u0173 sien\u0173\u201c \u012fgyvendinimo galimyb\u0117s Paskelbta: 2026-09-04 (Penktadienis) Kaunas jau beveik de\u0161imtmet\u012f vie\u0161\u0105sias erdves pildo profesionaliais meno k\u016briniais. Rugs\u0117jo 4-\u0105j\u0105 Kauno miesto savivaldyb\u0117je susirink\u0119 menininkai ir savivaldyb\u0117s atstovai aptar\u0117 \u201eKauno akcent\u0173\u201c programos galimybes, \u201eGyv\u0173 sien\u0173\u201c iniciatyv\u0105 bei naujas id\u0117jas, galin\u010dias papildyti miesto galerij\u0105 po atviru dangumi.","canonical_url":"https:\/\/vienapaskola.lt\/index.php\/2026\/09\/04\/pristatytos-kauno-akcentu-ir-gyvu-sienu-igyvendinimo-galimybes\/","robots":"max-image-preview:large","keywords":"","webmasterTools":{"google-site-verification":"ji77nXn3Nbq3qB2zX2ryMrAUoWB8-dKiEe1-MVQJ42M","miscellaneous":""},"schema":{"@context":"https:\/\/schema.org","@graph":[{"@type":"BlogPosting","@id":"https:\/\/vienapaskola.lt\/index.php\/2026\/09\/04\/pristatytos-kauno-akcentu-ir-gyvu-sienu-igyvendinimo-galimybes\/#blogposting","name":"pristatytos \u201eKauno akcent\u0173\u201c ir \u201eGyv\u0173 sien\u0173\u201c \u012fgyvendinimo galimyb\u0117s - VienaPaskola.LT","headline":"pristatytos \u201eKauno akcent\u0173\u201c ir \u201eGyv\u0173 sien\u0173\u201c \u012fgyvendinimo galimyb\u0117s","author":{"@id":"https:\/\/vienapaskola.lt\/index.php\/author\/admin\/#author"},"publisher":{"@id":"https:\/\/vienapaskola.lt\/#organization"},"image":{"@type":"ImageObject","url":"https:\/\/vienapaskola.lt\/wp-content\/uploads\/2026\/09\/pristatytos-\u201eKauno-akcentu-ir-\u201eGyvu-sienu-igyvendinimo-galimybes.jpg","width":2560,"height":1703},"datePublished":"2026-09-04T14:50:29+00:00","dateModified":"2026-09-04T14:50:29+00:00","inLanguage":"lt-LT","mainEntityOfPage":{"@id":"https:\/\/vienapaskola.lt\/index.php\/2026\/09\/04\/pristatytos-kauno-akcentu-ir-gyvu-sienu-igyvendinimo-galimybes\/#webpage"},"isPartOf":{"@id":"https:\/\/vienapaskola.lt\/index.php\/2026\/09\/04\/pristatytos-kauno-akcentu-ir-gyvu-sienu-igyvendinimo-galimybes\/#webpage"},"articleSection":"\u0160ALIES NAUJIENOS, akcent\u0173, galimyb\u0117s, Gyv\u0173, \u012fgyvendinimo, Kauno, pristatytos, sien\u0173"},{"@type":"BreadcrumbList","@id":"https:\/\/vienapaskola.lt\/index.php\/2026\/09\/04\/pristatytos-kauno-akcentu-ir-gyvu-sienu-igyvendinimo-galimybes\/#breadcrumblist","itemListElement":[{"@type":"ListItem","@id":"https:\/\/vienapaskola.lt#listItem","position":1,"name":"Home","item":"https:\/\/vienapaskola.lt","nextItem":{"@type":"ListItem","@id":"https:\/\/vienapaskola.lt\/index.php\/category\/salies-naujienos-renginiai\/#listItem","name":"\u0160ALIES NAUJIENOS"}},{"@type":"ListItem","@id":"https:\/\/vienapaskola.lt\/index.php\/category\/salies-naujienos-renginiai\/#listItem","position":2,"name":"\u0160ALIES NAUJIENOS","item":"https:\/\/vienapaskola.lt\/index.php\/category\/salies-naujienos-renginiai\/","nextItem":{"@type":"ListItem","@id":"https:\/\/vienapaskola.lt\/index.php\/2026\/09\/04\/pristatytos-kauno-akcentu-ir-gyvu-sienu-igyvendinimo-galimybes\/#listItem","name":"pristatytos \u201eKauno akcent\u0173\u201c ir \u201eGyv\u0173 sien\u0173\u201c \u012fgyvendinimo galimyb\u0117s"},"previousItem":{"@type":"ListItem","@id":"https:\/\/vienapaskola.lt#listItem","name":"Home"}},{"@type":"ListItem","@id":"https:\/\/vienapaskola.lt\/index.php\/2026\/09\/04\/pristatytos-kauno-akcentu-ir-gyvu-sienu-igyvendinimo-galimybes\/#listItem","position":3,"name":"pristatytos \u201eKauno akcent\u0173\u201c ir \u201eGyv\u0173 sien\u0173\u201c \u012fgyvendinimo galimyb\u0117s","previousItem":{"@type":"ListItem","@id":"https:\/\/vienapaskola.lt\/index.php\/category\/salies-naujienos-renginiai\/#listItem","name":"\u0160ALIES NAUJIENOS"}}]},{"@type":"Organization","@id":"https:\/\/vienapaskola.lt\/#organization","name":"VienaPaskola.LT","description":"Finansai,ekonomika,technologijos","url":"https:\/\/vienapaskola.lt\/"},{"@type":"Person","@id":"https:\/\/vienapaskola.lt\/index.php\/author\/admin\/#author","url":"https:\/\/vienapaskola.lt\/index.php\/author\/admin\/","name":"admin","image":{"@type":"ImageObject","@id":"https:\/\/vienapaskola.lt\/index.php\/2026\/09\/04\/pristatytos-kauno-akcentu-ir-gyvu-sienu-igyvendinimo-galimybes\/#authorImage","url":"https:\/\/secure.gravatar.com\/avatar\/f37349f777250847d2fca2ada474f5a6aadffa79d5284e8ad354a5c410a691ec?s=96&d=mm&r=g","width":96,"height":96,"caption":"admin"}},{"@type":"WebPage","@id":"https:\/\/vienapaskola.lt\/index.php\/2026\/09\/04\/pristatytos-kauno-akcentu-ir-gyvu-sienu-igyvendinimo-galimybes\/#webpage","url":"https:\/\/vienapaskola.lt\/index.php\/2026\/09\/04\/pristatytos-kauno-akcentu-ir-gyvu-sienu-igyvendinimo-galimybes\/","name":"pristatytos \u201eKauno akcent\u0173\u201c ir \u201eGyv\u0173 sien\u0173\u201c \u012fgyvendinimo galimyb\u0117s - VienaPaskola.LT","description":"Prad\u017eiaNaujienosKaune \u012f susitikim\u0105 pakviesti \u0161alies menininkai: pristatytos \u201eKauno akcent\u0173\u201c ir \u201eGyv\u0173 sien\u0173\u201c \u012fgyvendinimo galimyb\u0117s Paskelbta: 2026-09-04 (Penktadienis) Kaunas jau beveik de\u0161imtmet\u012f vie\u0161\u0105sias erdves pildo profesionaliais meno k\u016briniais. Rugs\u0117jo 4-\u0105j\u0105 Kauno miesto savivaldyb\u0117je susirink\u0119 menininkai ir savivaldyb\u0117s atstovai aptar\u0117 \u201eKauno akcent\u0173\u201c programos galimybes, \u201eGyv\u0173 sien\u0173\u201c iniciatyv\u0105 bei naujas id\u0117jas, galin\u010dias papildyti miesto galerij\u0105 po atviru dangumi.","inLanguage":"lt-LT","isPartOf":{"@id":"https:\/\/vienapaskola.lt\/#website"},"breadcrumb":{"@id":"https:\/\/vienapaskola.lt\/index.php\/2026\/09\/04\/pristatytos-kauno-akcentu-ir-gyvu-sienu-igyvendinimo-galimybes\/#breadcrumblist"},"author":{"@id":"https:\/\/vienapaskola.lt\/index.php\/author\/admin\/#author"},"creator":{"@id":"https:\/\/vienapaskola.lt\/index.php\/author\/admin\/#author"},"image":{"@type":"ImageObject","url":"https:\/\/vienapaskola.lt\/wp-content\/uploads\/2026\/09\/pristatytos-\u201eKauno-akcentu-ir-\u201eGyvu-sienu-igyvendinimo-galimybes.jpg","@id":"https:\/\/vienapaskola.lt\/index.php\/2026\/09\/04\/pristatytos-kauno-akcentu-ir-gyvu-sienu-igyvendinimo-galimybes\/#mainImage","width":2560,"height":1703},"primaryImageOfPage":{"@id":"https:\/\/vienapaskola.lt\/index.php\/2026\/09\/04\/pristatytos-kauno-akcentu-ir-gyvu-sienu-igyvendinimo-galimybes\/#mainImage"},"datePublished":"2026-09-04T14:50:29+00:00","dateModified":"2026-09-04T14:50:29+00:00"},{"@type":"WebSite","@id":"https:\/\/vienapaskola.lt\/#website","url":"https:\/\/vienapaskola.lt\/","name":"VienaPaskola.LT","description":"Finansai,ekonomika,technologijos","inLanguage":"lt-LT","publisher":{"@id":"https:\/\/vienapaskola.lt\/#organization"}}]},"og:locale":"lt_LT","og:site_name":"VienaPaskola.LT - Finansai,ekonomika,technologijos","og:type":"article","og:title":"pristatytos \u201eKauno akcent\u0173\u201c ir \u201eGyv\u0173 sien\u0173\u201c \u012fgyvendinimo galimyb\u0117s - VienaPaskola.LT","og:description":"Prad\u017eiaNaujienosKaune \u012f susitikim\u0105 pakviesti \u0161alies menininkai: pristatytos \u201eKauno akcent\u0173\u201c ir \u201eGyv\u0173 sien\u0173\u201c \u012fgyvendinimo galimyb\u0117s Paskelbta: 2026-09-04 (Penktadienis) Kaunas jau beveik de\u0161imtmet\u012f vie\u0161\u0105sias erdves pildo profesionaliais meno k\u016briniais. Rugs\u0117jo 4-\u0105j\u0105 Kauno miesto savivaldyb\u0117je susirink\u0119 menininkai ir savivaldyb\u0117s atstovai aptar\u0117 \u201eKauno akcent\u0173\u201c programos galimybes, \u201eGyv\u0173 sien\u0173\u201c iniciatyv\u0105 bei naujas id\u0117jas, galin\u010dias papildyti miesto galerij\u0105 po atviru dangumi.","og:url":"https:\/\/vienapaskola.lt\/index.php\/2026\/09\/04\/pristatytos-kauno-akcentu-ir-gyvu-sienu-igyvendinimo-galimybes\/","article:published_time":"2026-09-04T14:50:29+00:00","article:modified_time":"2026-09-04T14:50:29+00:00","twitter:card":"summary_large_image","twitter:title":"pristatytos \u201eKauno akcent\u0173\u201c ir \u201eGyv\u0173 sien\u0173\u201c \u012fgyvendinimo galimyb\u0117s - VienaPaskola.LT","twitter:description":"Prad\u017eiaNaujienosKaune \u012f susitikim\u0105 pakviesti \u0161alies menininkai: pristatytos \u201eKauno akcent\u0173\u201c ir \u201eGyv\u0173 sien\u0173\u201c \u012fgyvendinimo galimyb\u0117s Paskelbta: 2026-09-04 (Penktadienis) Kaunas jau beveik de\u0161imtmet\u012f vie\u0161\u0105sias erdves pildo profesionaliais meno k\u016briniais. Rugs\u0117jo 4-\u0105j\u0105 Kauno miesto savivaldyb\u0117je susirink\u0119 menininkai ir savivaldyb\u0117s atstovai aptar\u0117 \u201eKauno akcent\u0173\u201c programos galimybes, \u201eGyv\u0173 sien\u0173\u201c iniciatyv\u0105 bei naujas id\u0117jas, galin\u010dias papildyti miesto galerij\u0105 po atviru dangumi."},"aioseo_meta_data":[],"aioseo_breadcrumb":"<div class=\"aioseo-breadcrumbs\"><span class=\"aioseo-breadcrumb\">\n\t\t\t<a href=\"https:\/\/vienapaskola.lt\" title=\"Home\">Home<\/a>\n\t\t<\/span><span class=\"aioseo-breadcrumb-separator\">&raquo;<\/span><span class=\"aioseo-breadcrumb\">\n\t\t\t<a href=\"https:\/\/vienapaskola.lt\/index.php\/category\/salies-naujienos-renginiai\/\" title=\"\u0160ALIES NAUJIENOS\">\u0160ALIES NAUJIENOS<\/a>\n\t\t<\/span><span class=\"aioseo-breadcrumb-separator\">&raquo;<\/span><span class=\"aioseo-breadcrumb\">\n\t\t\tpristatytos \u201eKauno akcent\u0173\u201c ir \u201eGyv\u0173 sien\u0173\u201c \u012fgyvendinimo galimyb\u0117s\n\t\t<\/span><\/div>","aioseo_breadcrumb_json":[{"label":"Home","link":"https:\/\/vienapaskola.lt"},{"label":"\u0160ALIES NAUJIENOS","link":"https:\/\/vienapaskola.lt\/index.php\/category\/salies-naujienos-renginiai\/"},{"label":"pristatytos \u201eKauno akcent\u0173\u201c ir \u201eGyv\u0173 sien\u0173\u201c \u012fgyvendinimo galimyb\u0117s","link":"https:\/\/vienapaskola.lt\/index.php\/2026\/09\/04\/pristatytos-kauno-akcentu-ir-gyvu-sienu-igyvendinimo-galimybes\/"}],"yoast_head":"<!-- This site is optimized with the Yoast SEO plugin v28.4 - https:\/\/yoast.com\/product\/yoast-seo-wordpress\/ -->\n<title>pristatytos \u201eKauno akcent\u0173\u201c ir \u201eGyv\u0173 sien\u0173\u201c \u012fgyvendinimo galimyb\u0117s - VienaPaskola.LT<\/title>\n<meta name=\"robots\" content=\"index, follow, max-snippet:-1, max-image-preview:large, max-video-preview:-1\" \/>\n<link rel=\"canonical\" href=\"https:\/\/vienapaskola.lt\/index.php\/2026\/09\/04\/pristatytos-kauno-akcentu-ir-gyvu-sienu-igyvendinimo-galimybes\/\" \/>\n<meta property=\"og:locale\" content=\"lt_LT\" \/>\n<meta property=\"og:type\" content=\"article\" \/>\n<meta property=\"og:title\" content=\"pristatytos \u201eKauno akcent\u0173\u201c ir \u201eGyv\u0173 sien\u0173\u201c \u012fgyvendinimo galimyb\u0117s - VienaPaskola.LT\" \/>\n<meta property=\"og:description\" content=\"Prad\u017eia Naujienos Kaune \u012f susitikim\u0105 pakviesti \u0161alies menininkai: pristatytos \u201eKauno akcent\u0173\u201c ir \u201eGyv\u0173 sien\u0173\u201c \u012fgyvendinimo galimyb\u0117s Paskelbta: 2026-09-04 (Penktadienis) Kaunas jau beveik de\u0161imtmet\u012f vie\u0161\u0105sias erdves pildo profesionaliais meno k\u016briniais. Rugs\u0117jo 4-\u0105j\u0105 Kauno miesto savivaldyb\u0117je susirink\u0119 menininkai ir savivaldyb\u0117s atstovai aptar\u0117 \u201eKauno akcent\u0173\u201c programos galimybes, \u201eGyv\u0173 sien\u0173\u201c iniciatyv\u0105 bei naujas id\u0117jas, galin\u010dias papildyti miesto galerij\u0105 po [&hellip;]\" \/>\n<meta property=\"og:url\" content=\"https:\/\/vienapaskola.lt\/index.php\/2026\/09\/04\/pristatytos-kauno-akcentu-ir-gyvu-sienu-igyvendinimo-galimybes\/\" \/>\n<meta property=\"og:site_name\" content=\"VienaPaskola.LT\" \/>\n<meta property=\"article:published_time\" content=\"2026-09-04T14:50:29+00:00\" \/>\n<meta property=\"og:image\" content=\"https:\/\/www.kaunas.lt\/wp-content\/uploads\/sites\/13\/2026\/09\/20260904-DOM_4409-990x557.jpg\" \/>\n<meta name=\"author\" content=\"admin\" \/>\n<meta name=\"twitter:card\" content=\"summary_large_image\" \/>\n<meta name=\"twitter:label1\" content=\"Written by\" \/>\n\t<meta name=\"twitter:data1\" content=\"admin\" \/>\n\t<meta name=\"twitter:label2\" content=\"Est. reading time\" \/>\n\t<meta name=\"twitter:data2\" content=\"3 minut\u0117s\" \/>\n<script type=\"application\/ld+json\" class=\"yoast-schema-graph\">{\"@context\":\"https:\\\/\\\/schema.org\",\"@graph\":[{\"@type\":\"Article\",\"@id\":\"https:\\\/\\\/vienapaskola.lt\\\/index.php\\\/2026\\\/09\\\/04\\\/pristatytos-kauno-akcentu-ir-gyvu-sienu-igyvendinimo-galimybes\\\/#article\",\"isPartOf\":{\"@id\":\"https:\\\/\\\/vienapaskola.lt\\\/index.php\\\/2026\\\/09\\\/04\\\/pristatytos-kauno-akcentu-ir-gyvu-sienu-igyvendinimo-galimybes\\\/\"},\"author\":{\"name\":\"admin\",\"@id\":\"https:\\\/\\\/vienapaskola.lt\\\/#\\\/schema\\\/person\\\/fd1e0e3a6f51f419b26be8373355ab9b\"},\"headline\":\"pristatytos \u201eKauno akcent\u0173\u201c ir \u201eGyv\u0173 sien\u0173\u201c \u012fgyvendinimo galimyb\u0117s\",\"datePublished\":\"2026-09-04T14:50:29+00:00\",\"mainEntityOfPage\":{\"@id\":\"https:\\\/\\\/vienapaskola.lt\\\/index.php\\\/2026\\\/09\\\/04\\\/pristatytos-kauno-akcentu-ir-gyvu-sienu-igyvendinimo-galimybes\\\/\"},\"wordCount\":530,\"image\":{\"@id\":\"https:\\\/\\\/vienapaskola.lt\\\/index.php\\\/2026\\\/09\\\/04\\\/pristatytos-kauno-akcentu-ir-gyvu-sienu-igyvendinimo-galimybes\\\/#primaryimage\"},\"thumbnailUrl\":\"https:\\\/\\\/vienapaskola.lt\\\/wp-content\\\/uploads\\\/2026\\\/09\\\/pristatytos-\u201eKauno-akcentu-ir-\u201eGyvu-sienu-igyvendinimo-galimybes.jpg\",\"keywords\":[\"akcent\u0173\",\"galimyb\u0117s\",\"Gyv\u0173\",\"\u012fgyvendinimo\",\"Kauno\",\"pristatytos\",\"sien\u0173\"],\"articleSection\":[\"\u0160ALIES NAUJIENOS\"],\"inLanguage\":\"lt-LT\"},{\"@type\":\"WebPage\",\"@id\":\"https:\\\/\\\/vienapaskola.lt\\\/index.php\\\/2026\\\/09\\\/04\\\/pristatytos-kauno-akcentu-ir-gyvu-sienu-igyvendinimo-galimybes\\\/\",\"url\":\"https:\\\/\\\/vienapaskola.lt\\\/index.php\\\/2026\\\/09\\\/04\\\/pristatytos-kauno-akcentu-ir-gyvu-sienu-igyvendinimo-galimybes\\\/\",\"name\":\"pristatytos \u201eKauno akcent\u0173\u201c ir \u201eGyv\u0173 sien\u0173\u201c \u012fgyvendinimo galimyb\u0117s - VienaPaskola.LT\",\"isPartOf\":{\"@id\":\"https:\\\/\\\/vienapaskola.lt\\\/#website\"},\"primaryImageOfPage\":{\"@id\":\"https:\\\/\\\/vienapaskola.lt\\\/index.php\\\/2026\\\/09\\\/04\\\/pristatytos-kauno-akcentu-ir-gyvu-sienu-igyvendinimo-galimybes\\\/#primaryimage\"},\"image\":{\"@id\":\"https:\\\/\\\/vienapaskola.lt\\\/index.php\\\/2026\\\/09\\\/04\\\/pristatytos-kauno-akcentu-ir-gyvu-sienu-igyvendinimo-galimybes\\\/#primaryimage\"},\"thumbnailUrl\":\"https:\\\/\\\/vienapaskola.lt\\\/wp-content\\\/uploads\\\/2026\\\/09\\\/pristatytos-\u201eKauno-akcentu-ir-\u201eGyvu-sienu-igyvendinimo-galimybes.jpg\",\"datePublished\":\"2026-09-04T14:50:29+00:00\",\"author\":{\"@id\":\"https:\\\/\\\/vienapaskola.lt\\\/#\\\/schema\\\/person\\\/fd1e0e3a6f51f419b26be8373355ab9b\"},\"breadcrumb\":{\"@id\":\"https:\\\/\\\/vienapaskola.lt\\\/index.php\\\/2026\\\/09\\\/04\\\/pristatytos-kauno-akcentu-ir-gyvu-sienu-igyvendinimo-galimybes\\\/#breadcrumb\"},\"inLanguage\":\"lt-LT\",\"potentialAction\":[{\"@type\":\"ReadAction\",\"target\":[\"https:\\\/\\\/vienapaskola.lt\\\/index.php\\\/2026\\\/09\\\/04\\\/pristatytos-kauno-akcentu-ir-gyvu-sienu-igyvendinimo-galimybes\\\/\"]}]},{\"@type\":\"ImageObject\",\"inLanguage\":\"lt-LT\",\"@id\":\"https:\\\/\\\/vienapaskola.lt\\\/index.php\\\/2026\\\/09\\\/04\\\/pristatytos-kauno-akcentu-ir-gyvu-sienu-igyvendinimo-galimybes\\\/#primaryimage\",\"url\":\"https:\\\/\\\/vienapaskola.lt\\\/wp-content\\\/uploads\\\/2026\\\/09\\\/pristatytos-\u201eKauno-akcentu-ir-\u201eGyvu-sienu-igyvendinimo-galimybes.jpg\",\"contentUrl\":\"https:\\\/\\\/vienapaskola.lt\\\/wp-content\\\/uploads\\\/2026\\\/09\\\/pristatytos-\u201eKauno-akcentu-ir-\u201eGyvu-sienu-igyvendinimo-galimybes.jpg\",\"width\":2560,\"height\":1703},{\"@type\":\"BreadcrumbList\",\"@id\":\"https:\\\/\\\/vienapaskola.lt\\\/index.php\\\/2026\\\/09\\\/04\\\/pristatytos-kauno-akcentu-ir-gyvu-sienu-igyvendinimo-galimybes\\\/#breadcrumb\",\"itemListElement\":[{\"@type\":\"ListItem\",\"position\":1,\"name\":\"Home\",\"item\":\"https:\\\/\\\/vienapaskola.lt\\\/\"},{\"@type\":\"ListItem\",\"position\":2,\"name\":\"pristatytos \u201eKauno akcent\u0173\u201c ir \u201eGyv\u0173 sien\u0173\u201c \u012fgyvendinimo galimyb\u0117s\"}]},{\"@type\":\"WebSite\",\"@id\":\"https:\\\/\\\/vienapaskola.lt\\\/#website\",\"url\":\"https:\\\/\\\/vienapaskola.lt\\\/\",\"name\":\"VienaPaskola.LT\",\"description\":\"Finansai,ekonomika,technologijos\",\"potentialAction\":[{\"@type\":\"SearchAction\",\"target\":{\"@type\":\"EntryPoint\",\"urlTemplate\":\"https:\\\/\\\/vienapaskola.lt\\\/?s={search_term_string}\"},\"query-input\":{\"@type\":\"PropertyValueSpecification\",\"valueRequired\":true,\"valueName\":\"search_term_string\"}}],\"inLanguage\":\"lt-LT\"},{\"@type\":\"Person\",\"@id\":\"https:\\\/\\\/vienapaskola.lt\\\/#\\\/schema\\\/person\\\/fd1e0e3a6f51f419b26be8373355ab9b\",\"name\":\"admin\",\"image\":{\"@type\":\"ImageObject\",\"inLanguage\":\"lt-LT\",\"@id\":\"https:\\\/\\\/secure.gravatar.com\\\/avatar\\\/f37349f777250847d2fca2ada474f5a6aadffa79d5284e8ad354a5c410a691ec?s=96&d=mm&r=g\",\"url\":\"https:\\\/\\\/secure.gravatar.com\\\/avatar\\\/f37349f777250847d2fca2ada474f5a6aadffa79d5284e8ad354a5c410a691ec?s=96&d=mm&r=g\",\"contentUrl\":\"https:\\\/\\\/secure.gravatar.com\\\/avatar\\\/f37349f777250847d2fca2ada474f5a6aadffa79d5284e8ad354a5c410a691ec?s=96&d=mm&r=g\",\"caption\":\"admin\"},\"sameAs\":[\"https:\\\/\\\/vienapaskola.lt\"],\"url\":\"https:\\\/\\\/vienapaskola.lt\\\/index.php\\\/author\\\/admin\\\/\"}]}<\/script>\n<!-- \/ Yoast SEO plugin. -->","yoast_head_json":{"title":"pristatytos \u201eKauno akcent\u0173\u201c ir \u201eGyv\u0173 sien\u0173\u201c \u012fgyvendinimo galimyb\u0117s - VienaPaskola.LT","robots":{"index":"index","follow":"follow","max-snippet":"max-snippet:-1","max-image-preview":"max-image-preview:large","max-video-preview":"max-video-preview:-1"},"canonical":"https:\/\/vienapaskola.lt\/index.php\/2026\/09\/04\/pristatytos-kauno-akcentu-ir-gyvu-sienu-igyvendinimo-galimybes\/","og_locale":"lt_LT","og_type":"article","og_title":"pristatytos \u201eKauno akcent\u0173\u201c ir \u201eGyv\u0173 sien\u0173\u201c \u012fgyvendinimo galimyb\u0117s - VienaPaskola.LT","og_description":"Prad\u017eia Naujienos Kaune \u012f susitikim\u0105 pakviesti \u0161alies menininkai: pristatytos \u201eKauno akcent\u0173\u201c ir \u201eGyv\u0173 sien\u0173\u201c \u012fgyvendinimo galimyb\u0117s Paskelbta: 2026-09-04 (Penktadienis) Kaunas jau beveik de\u0161imtmet\u012f vie\u0161\u0105sias erdves pildo profesionaliais meno k\u016briniais. Rugs\u0117jo 4-\u0105j\u0105 Kauno miesto savivaldyb\u0117je susirink\u0119 menininkai ir savivaldyb\u0117s atstovai aptar\u0117 \u201eKauno akcent\u0173\u201c programos galimybes, \u201eGyv\u0173 sien\u0173\u201c iniciatyv\u0105 bei naujas id\u0117jas, galin\u010dias papildyti miesto galerij\u0105 po [&hellip;]","og_url":"https:\/\/vienapaskola.lt\/index.php\/2026\/09\/04\/pristatytos-kauno-akcentu-ir-gyvu-sienu-igyvendinimo-galimybes\/","og_site_name":"VienaPaskola.LT","article_published_time":"2026-09-04T14:50:29+00:00","og_image":[{"url":"https:\/\/www.kaunas.lt\/wp-content\/uploads\/sites\/13\/2026\/09\/20260904-DOM_4409-990x557.jpg","type":"","width":"","height":""}],"author":"admin","twitter_card":"summary_large_image","twitter_misc":{"Written by":"admin","Est. reading time":"3 minut\u0117s"},"schema":{"@context":"https:\/\/schema.org","@graph":[{"@type":"Article","@id":"https:\/\/vienapaskola.lt\/index.php\/2026\/09\/04\/pristatytos-kauno-akcentu-ir-gyvu-sienu-igyvendinimo-galimybes\/#article","isPartOf":{"@id":"https:\/\/vienapaskola.lt\/index.php\/2026\/09\/04\/pristatytos-kauno-akcentu-ir-gyvu-sienu-igyvendinimo-galimybes\/"},"author":{"name":"admin","@id":"https:\/\/vienapaskola.lt\/#\/schema\/person\/fd1e0e3a6f51f419b26be8373355ab9b"},"headline":"pristatytos \u201eKauno akcent\u0173\u201c ir \u201eGyv\u0173 sien\u0173\u201c \u012fgyvendinimo galimyb\u0117s","datePublished":"2026-09-04T14:50:29+00:00","mainEntityOfPage":{"@id":"https:\/\/vienapaskola.lt\/index.php\/2026\/09\/04\/pristatytos-kauno-akcentu-ir-gyvu-sienu-igyvendinimo-galimybes\/"},"wordCount":530,"image":{"@id":"https:\/\/vienapaskola.lt\/index.php\/2026\/09\/04\/pristatytos-kauno-akcentu-ir-gyvu-sienu-igyvendinimo-galimybes\/#primaryimage"},"thumbnailUrl":"https:\/\/vienapaskola.lt\/wp-content\/uploads\/2026\/09\/pristatytos-\u201eKauno-akcentu-ir-\u201eGyvu-sienu-igyvendinimo-galimybes.jpg","keywords":["akcent\u0173","galimyb\u0117s","Gyv\u0173","\u012fgyvendinimo","Kauno","pristatytos","sien\u0173"],"articleSection":["\u0160ALIES NAUJIENOS"],"inLanguage":"lt-LT"},{"@type":"WebPage","@id":"https:\/\/vienapaskola.lt\/index.php\/2026\/09\/04\/pristatytos-kauno-akcentu-ir-gyvu-sienu-igyvendinimo-galimybes\/","url":"https:\/\/vienapaskola.lt\/index.php\/2026\/09\/04\/pristatytos-kauno-akcentu-ir-gyvu-sienu-igyvendinimo-galimybes\/","name":"pristatytos \u201eKauno akcent\u0173\u201c ir \u201eGyv\u0173 sien\u0173\u201c \u012fgyvendinimo galimyb\u0117s - VienaPaskola.LT","isPartOf":{"@id":"https:\/\/vienapaskola.lt\/#website"},"primaryImageOfPage":{"@id":"https:\/\/vienapaskola.lt\/index.php\/2026\/09\/04\/pristatytos-kauno-akcentu-ir-gyvu-sienu-igyvendinimo-galimybes\/#primaryimage"},"image":{"@id":"https:\/\/vienapaskola.lt\/index.php\/2026\/09\/04\/pristatytos-kauno-akcentu-ir-gyvu-sienu-igyvendinimo-galimybes\/#primaryimage"},"thumbnailUrl":"https:\/\/vienapaskola.lt\/wp-content\/uploads\/2026\/09\/pristatytos-\u201eKauno-akcentu-ir-\u201eGyvu-sienu-igyvendinimo-galimybes.jpg","datePublished":"2026-09-04T14:50:29+00:00","author":{"@id":"https:\/\/vienapaskola.lt\/#\/schema\/person\/fd1e0e3a6f51f419b26be8373355ab9b"},"breadcrumb":{"@id":"https:\/\/vienapaskola.lt\/index.php\/2026\/09\/04\/pristatytos-kauno-akcentu-ir-gyvu-sienu-igyvendinimo-galimybes\/#breadcrumb"},"inLanguage":"lt-LT","potentialAction":[{"@type":"ReadAction","target":["https:\/\/vienapaskola.lt\/index.php\/2026\/09\/04\/pristatytos-kauno-akcentu-ir-gyvu-sienu-igyvendinimo-galimybes\/"]}]},{"@type":"ImageObject","inLanguage":"lt-LT","@id":"https:\/\/vienapaskola.lt\/index.php\/2026\/09\/04\/pristatytos-kauno-akcentu-ir-gyvu-sienu-igyvendinimo-galimybes\/#primaryimage","url":"https:\/\/vienapaskola.lt\/wp-content\/uploads\/2026\/09\/pristatytos-\u201eKauno-akcentu-ir-\u201eGyvu-sienu-igyvendinimo-galimybes.jpg","contentUrl":"https:\/\/vienapaskola.lt\/wp-content\/uploads\/2026\/09\/pristatytos-\u201eKauno-akcentu-ir-\u201eGyvu-sienu-igyvendinimo-galimybes.jpg","width":2560,"height":1703},{"@type":"BreadcrumbList","@id":"https:\/\/vienapaskola.lt\/index.php\/2026\/09\/04\/pristatytos-kauno-akcentu-ir-gyvu-sienu-igyvendinimo-galimybes\/#breadcrumb","itemListElement":[{"@type":"ListItem","position":1,"name":"Home","item":"https:\/\/vienapaskola.lt\/"},{"@type":"ListItem","position":2,"name":"pristatytos \u201eKauno akcent\u0173\u201c ir \u201eGyv\u0173 sien\u0173\u201c \u012fgyvendinimo galimyb\u0117s"}]},{"@type":"WebSite","@id":"https:\/\/vienapaskola.lt\/#website","url":"https:\/\/vienapaskola.lt\/","name":"VienaPaskola.LT","description":"Finansai,ekonomika,technologijos","potentialAction":[{"@type":"SearchAction","target":{"@type":"EntryPoint","urlTemplate":"https:\/\/vienapaskola.lt\/?s={search_term_string}"},"query-input":{"@type":"PropertyValueSpecification","valueRequired":true,"valueName":"search_term_string"}}],"inLanguage":"lt-LT"},{"@type":"Person","@id":"https:\/\/vienapaskola.lt\/#\/schema\/person\/fd1e0e3a6f51f419b26be8373355ab9b","name":"admin","image":{"@type":"ImageObject","inLanguage":"lt-LT","@id":"https:\/\/secure.gravatar.com\/avatar\/f37349f777250847d2fca2ada474f5a6aadffa79d5284e8ad354a5c410a691ec?s=96&d=mm&r=g","url":"https:\/\/secure.gravatar.com\/avatar\/f37349f777250847d2fca2ada474f5a6aadffa79d5284e8ad354a5c410a691ec?s=96&d=mm&r=g","contentUrl":"https:\/\/secure.gravatar.com\/avatar\/f37349f777250847d2fca2ada474f5a6aadffa79d5284e8ad354a5c410a691ec?s=96&d=mm&r=g","caption":"admin"},"sameAs":["https:\/\/vienapaskola.lt"],"url":"https:\/\/vienapaskola.lt\/index.php\/author\/admin\/"}]}},"_links":{"self":[{"href":"https:\/\/vienapaskola.lt\/index.php\/wp-json\/wp\/v2\/posts\/3003","targetHints":{"allow":["GET"]}}],"collection":[{"href":"https:\/\/vienapaskola.lt\/index.php\/wp-json\/wp\/v2\/posts"}],"about":[{"href":"https:\/\/vienapaskola.lt\/index.php\/wp-json\/wp\/v2\/types\/post"}],"author":[{"embeddable":true,"href":"https:\/\/vienapaskola.lt\/index.php\/wp-json\/wp\/v2\/users\/1"}],"replies":[{"embeddable":true,"href":"https:\/\/vienapaskola.lt\/index.php\/wp-json\/wp\/v2\/comments?post=3003"}],"version-history":[{"count":0,"href":"https:\/\/vienapaskola.lt\/index.php\/wp-json\/wp\/v2\/posts\/3003\/revisions"}],"wp:featuredmedia":[{"embeddable":true,"href":"https:\/\/vienapaskola.lt\/index.php\/wp-json\/wp\/v2\/media\/3004"}],"wp:attachment":[{"href":"https:\/\/vienapaskola.lt\/index.php\/wp-json\/wp\/v2\/media?parent=3003"}],"wp:term":[{"taxonomy":"category","embeddable":true,"href":"https:\/\/vienapaskola.lt\/index.php\/wp-json\/wp\/v2\/categories?post=3003"},{"taxonomy":"post_tag","embeddable":true,"href":"https:\/\/vienapaskola.lt\/index.php\/wp-json\/wp\/v2\/tags?post=3003"}],"curies":[{"name":"wp","href":"https:\/\/api.w.org\/{rel}","templated":true}]}}