{"id":303,"date":"2024-10-15T14:35:11","date_gmt":"2024-10-15T14:35:11","guid":{"rendered":"https:\/\/vienapaskola.lt\/index.php\/2024\/10\/15\/naujo-jimmyg-kurinio-tu-kitu-neteisk-premjera-jautri-zinute-ir-isskirtinis-vaizdo-klipas-su-europos-drifto-cempione\/"},"modified":"2024-10-15T14:35:11","modified_gmt":"2024-10-15T14:35:11","slug":"naujo-jimmyg-kurinio-tu-kitu-neteisk-premjera-jautri-zinute-ir-isskirtinis-vaizdo-klipas-su-europos-drifto-cempione","status":"publish","type":"post","link":"https:\/\/vienapaskola.lt\/index.php\/2024\/10\/15\/naujo-jimmyg-kurinio-tu-kitu-neteisk-premjera-jautri-zinute-ir-isskirtinis-vaizdo-klipas-su-europos-drifto-cempione\/","title":{"rendered":"Naujo JimmyG k\u016brinio \u201eTu kit\u0173 neteisk\u201c premjera \u2013 jautri \u017einut\u0117 ir i\u0161skirtinis vaizdo klipas su Europos drifto \u010dempione"},"content":{"rendered":"<p> <br \/>\n<\/p>\n<div>\n<p>Spalio 15 d. yra ypatinga diena atlik\u0117jui, prodiuseriui ir reperiui Vytautui Maziliauskui, geriau \u017einomam sceniniu vardu JimmyG.<\/p>\n<figure class=\"wp-block-embed is-type-video is-provider-youtube wp-block-embed-youtube wp-embed-aspect-16-9 wp-has-aspect-ratio\">\n<p>\n<iframe loading=\"lazy\" title=\"JimmyG - Tu Kit\u0173 Neteisk\" width=\"800\" height=\"450\" src=\"https:\/\/www.youtube.com\/embed\/UqRzQPdYL-4?feature=oembed\" frameborder=\"0\" allow=\"accelerometer; autoplay; clipboard-write; encrypted-media; gyroscope; picture-in-picture; web-share\" referrerpolicy=\"strict-origin-when-cross-origin\" allowfullscreen><\/iframe>\n<\/p>\n<\/figure>\n<p>\u0160iandien \u012f eter\u012f paleid\u017eiamas naujausias jo k\u016brinys \u2013 \u201eTu kit\u0173 neteisk\u201c. Tai pirmoji daina i\u0161 b\u016bsimo JimmyG POP-RAP albumo, kupino asmenini\u0173 patir\u010di\u0173 ir gyvenimi\u0161k\u0173 apm\u0105stym\u0173.<\/p>\n<blockquote class=\"wp-block-quote is-layout-flow wp-block-quote-is-layout-flow\">\n<p>\u201eTai mano daina i\u0161 \u0161irdies, kuri labai stipriai rezonuoja su dabartiniu mano gyvenimo etapu. Daug galvojau apie atlaidum\u0105, supratim\u0105, ir \u0161iuos jausmus nor\u0117jau perteikti per muzik\u0105. \u201eTu kit\u0173 neteisk\u201c \u2013 tai mano \u012fvadin\u0117 daina \u012f b\u016bsim\u0105 POP-RAP album\u0105, kuris bus kupinas asmenini\u0173 patir\u010di\u0173, apm\u0105stym\u0173 ir skirting\u0173 emocini\u0173 atspalvi\u0173. Noriu, kad klausytojai \u0161i\u0105 dain\u0105 i\u0161girst\u0173 ne tik ausimis, bet ir \u0161irdimi.\u201c \u2013 pasakoja JimmyG.\t\t<\/p>\n<section class=\"cs-banner-entry cs-banner-post-inner alignfull\">\n<div class=\"cs-banner cs-banner-background\">\n<div class=\"cs-banner__container \">\n<div class=\"cs-banner__content\">\n<p>    \n\t\t\t\t\t<\/div>\n<p>\n\t\t\t\t\t\t\tREKLAMA\t\t\t\t\t\t<\/p>\n<\/p><\/div>\n<\/p><\/div>\n<\/section>\n<\/blockquote>\n<p>Dainos vaizdo klipe \u012fsiam\u017eino viena i\u0161kiliausi\u0173 automobili\u0173 sporto asmenybi\u0173 \u2013 Europos drifto \u010dempion\u0117 Sandra Janu\u0161auskait\u0117. <\/p>\n<figure class=\"wp-block-image size-full\"><img fetchpriority=\"high\" decoding=\"async\" width=\"1024\" height=\"1536\" src=\"https:\/\/spaudospranesimucentras.lt\/wp-content\/uploads\/2024\/10\/Sandra-foto.jpg\" alt=\"\" class=\"wp-image-5221\" srcset=\"https:\/\/spaudospranesimucentras.lt\/wp-content\/uploads\/2024\/10\/Sandra-foto.jpg 1024w, https:\/\/spaudospranesimucentras.lt\/wp-content\/uploads\/2024\/10\/Sandra-foto-200x300.jpg 200w\" sizes=\"(max-width: 1024px) 100vw, 1024px\"\/><\/figure>\n<p>Sandra, gars\u0117janti ne tik savo meistri\u0161kumu trasoje, bet ir nuo\u0161irdumu u\u017e jos rib\u0173, prisipa\u017e\u012fsta, kad klipo filmavimas buvo tikras emocinis i\u0161\u0161\u016bkis. <\/p>\n<blockquote class=\"wp-block-quote is-layout-flow wp-block-quote-is-layout-flow\">\n<p>\u201eVaizdo klipo filmavimas su Vytautu buvo viena \u012fsimintiniausi\u0173 emocini\u0173 patir\u010di\u0173. Nors da\u017enai esu filmuojama per \u0161onaslyd\u017eio var\u017eybas, kur kameros slepiasi po automobilio gaubtu, \u010dia viskas buvo kitaip. Kiekvienas mano veiksmas buvo atid\u017eiai sekamas kameros, o tai suk\u0117l\u0117 papildomos \u012ftampos. Vis d\u0117lto d\u017eiaugiuosi, kad Vytautas ir jo komanda man suteik\u0117 visi\u0161k\u0105 laisv\u0119 b\u016bti savimi,\u201c \u2013 pasakoja Sandra.<\/p>\n<\/blockquote>\n<p>Sandra Janu\u0161auskait\u0117, drifto pasaulyje gerai \u017einoma kaip \u201eDrift Happens Team\u201c nar\u0117, savo ind\u0117l\u012f \u012f vaizdo klip\u0105 laiko ne tik i\u0161\u0161\u016bkiu, bet ir garbe. <\/p>\n<blockquote class=\"wp-block-quote is-layout-flow wp-block-quote-is-layout-flow\">\n<p>\u201eVos i\u0161girdusi dain\u0105 \u201eTu kit\u0173 neteisk\u201c, pajutau, kad joje yra ka\u017ekas ypatingo. Tai, kad gal\u0117jau prisid\u0117ti prie \u0161io k\u016brinio vizualizacijos, man buvo didel\u0117 garb\u0117, nes per \u0161\u012f vaizdo klip\u0105 galiu parodyti ne tik save, bet ir sport\u0105, kur\u012f be galo myliu.\u201c<\/p>\n<\/blockquote>\n<p><strong>Komanda:<\/strong><\/p>\n<ul>\n<li><strong>Muzika<\/strong> \u2013 Viktoras \u201eWoop\u201c Olechnovi\u010dius<\/li>\n<li><strong>Mix<\/strong> \u2013 Viktoras \u201eWoop\u201c Olechnovi\u010dius &amp; Vytautas Maziliauskas \u201eJimmyG\u201c<\/li>\n<li><strong>Master<\/strong> \u2013 Vytautas Maziliauskas \u201eJimmyG\u201c<\/li>\n<li><strong>Video<\/strong> \u2013 Gytis Kavaliauskas \u201eNuotykiai su objektyvu\u201c<\/li>\n<li><strong>Drifto pasirodymai<\/strong> \u2013 Sandra Janu\u0161auskait\u0117 \u201eDrift Happens Team\u201c<\/li>\n<\/ul>\n<p>Su savo k\u016briniu \u201eTu kit\u0173 neteisk\u201c JimmyG kvie\u010dia klausytojus ne tik i\u0161girsti muzikin\u0119 \u017einut\u0119, bet ir priimti j\u0105 kaip gyvenimo pamok\u0105.<\/p>\n<\/p><\/div>\n<p><br \/>\n<br \/><a href=\"https:\/\/spaudospranesimucentras.lt\/naujo-jimmyg-kurinio-tu-kitu-neteisk-premjera-jautri-zinute-ir-isskirtinis-vaizdo-klipas-su-europos-drifto-cempione\/\">Source link <\/a><\/p>\n","protected":false},"excerpt":{"rendered":"<p>Spalio 15 d. yra ypatinga diena atlik\u0117jui, prodiuseriui ir reperiui Vytautui Maziliauskui, geriau \u017einomam sceniniu vardu JimmyG. \u0160iandien \u012f eter\u012f paleid\u017eiamas naujausias jo k\u016brinys \u2013 \u201eTu kit\u0173 neteisk\u201c. Tai pirmoji daina i\u0161 b\u016bsimo JimmyG POP-RAP albumo, kupino asmenini\u0173 patir\u010di\u0173 ir gyvenimi\u0161k\u0173 apm\u0105stym\u0173. \u201eTai mano daina i\u0161 \u0161irdies, kuri labai stipriai rezonuoja su dabartiniu mano gyvenimo [&hellip;]<\/p>\n","protected":false},"author":1,"featured_media":304,"comment_status":"open","ping_status":"open","sticky":false,"template":"","format":"standard","meta":{"om_disable_all_campaigns":false,"_monsterinsights_skip_tracking":false,"_monsterinsights_sitenote_active":false,"_monsterinsights_sitenote_note":"","_monsterinsights_sitenote_category":0,"footnotes":""},"categories":[369],"tags":[877,371,113,875,873,869,448,876,870,868,871,872,453,874],"class_list":["post-303","post","type-post","status-publish","format-standard","has-post-thumbnail","hentry","category-salies-naujienos-renginiai","tag-cempione","tag-drifto","tag-europos","tag-isskirtinis","tag-jautri","tag-jimmyg","tag-kitu","tag-klipas","tag-kurinio","tag-naujo","tag-neteisk","tag-premjera","tag-vaizdo","tag-zinute"],"aioseo_notices":[],"yoast_head":"<!-- This site is optimized with the Yoast SEO plugin v27.4 - https:\/\/yoast.com\/product\/yoast-seo-wordpress\/ -->\n<title>Naujo JimmyG k\u016brinio \u201eTu kit\u0173 neteisk\u201c premjera \u2013 jautri \u017einut\u0117 ir i\u0161skirtinis vaizdo klipas su Europos drifto \u010dempione - VienaPaskola.LT<\/title>\n<meta name=\"robots\" content=\"index, follow, max-snippet:-1, max-image-preview:large, max-video-preview:-1\" \/>\n<link rel=\"canonical\" href=\"https:\/\/vienapaskola.lt\/index.php\/2024\/10\/15\/naujo-jimmyg-kurinio-tu-kitu-neteisk-premjera-jautri-zinute-ir-isskirtinis-vaizdo-klipas-su-europos-drifto-cempione\/\" \/>\n<meta property=\"og:locale\" content=\"lt_LT\" \/>\n<meta property=\"og:type\" content=\"article\" \/>\n<meta property=\"og:title\" content=\"Naujo JimmyG k\u016brinio \u201eTu kit\u0173 neteisk\u201c premjera \u2013 jautri \u017einut\u0117 ir i\u0161skirtinis vaizdo klipas su Europos drifto \u010dempione - VienaPaskola.LT\" \/>\n<meta property=\"og:description\" content=\"Spalio 15 d. yra ypatinga diena atlik\u0117jui, prodiuseriui ir reperiui Vytautui Maziliauskui, geriau \u017einomam sceniniu vardu JimmyG. \u0160iandien \u012f eter\u012f paleid\u017eiamas naujausias jo k\u016brinys \u2013 \u201eTu kit\u0173 neteisk\u201c. Tai pirmoji daina i\u0161 b\u016bsimo JimmyG POP-RAP albumo, kupino asmenini\u0173 patir\u010di\u0173 ir gyvenimi\u0161k\u0173 apm\u0105stym\u0173. \u201eTai mano daina i\u0161 \u0161irdies, kuri labai stipriai rezonuoja su dabartiniu mano gyvenimo [&hellip;]\" \/>\n<meta property=\"og:url\" content=\"https:\/\/vienapaskola.lt\/index.php\/2024\/10\/15\/naujo-jimmyg-kurinio-tu-kitu-neteisk-premjera-jautri-zinute-ir-isskirtinis-vaizdo-klipas-su-europos-drifto-cempione\/\" \/>\n<meta property=\"og:site_name\" content=\"VienaPaskola.LT\" \/>\n<meta property=\"article:published_time\" content=\"2024-10-15T14:35:11+00:00\" \/>\n<meta property=\"og:image\" content=\"https:\/\/miestonaujienos.lt\/wp-content\/uploads\/2015\/12\/pranesimu-spaudai-platinimas.jpg\" \/>\n<meta name=\"author\" content=\"admin\" \/>\n<meta name=\"twitter:card\" content=\"summary_large_image\" \/>\n<meta name=\"twitter:label1\" content=\"Written by\" \/>\n\t<meta name=\"twitter:data1\" content=\"admin\" \/>\n\t<meta name=\"twitter:label2\" content=\"Est. reading time\" \/>\n\t<meta name=\"twitter:data2\" content=\"2 minut\u0117s\" \/>\n<script type=\"application\/ld+json\" class=\"yoast-schema-graph\">{\"@context\":\"https:\\\/\\\/schema.org\",\"@graph\":[{\"@type\":\"Article\",\"@id\":\"https:\\\/\\\/vienapaskola.lt\\\/index.php\\\/2024\\\/10\\\/15\\\/naujo-jimmyg-kurinio-tu-kitu-neteisk-premjera-jautri-zinute-ir-isskirtinis-vaizdo-klipas-su-europos-drifto-cempione\\\/#article\",\"isPartOf\":{\"@id\":\"https:\\\/\\\/vienapaskola.lt\\\/index.php\\\/2024\\\/10\\\/15\\\/naujo-jimmyg-kurinio-tu-kitu-neteisk-premjera-jautri-zinute-ir-isskirtinis-vaizdo-klipas-su-europos-drifto-cempione\\\/\"},\"author\":{\"name\":\"admin\",\"@id\":\"https:\\\/\\\/vienapaskola.lt\\\/#\\\/schema\\\/person\\\/fd1e0e3a6f51f419b26be8373355ab9b\"},\"headline\":\"Naujo JimmyG k\u016brinio \u201eTu kit\u0173 neteisk\u201c premjera \u2013 jautri \u017einut\u0117 ir i\u0161skirtinis vaizdo klipas su Europos drifto \u010dempione\",\"datePublished\":\"2024-10-15T14:35:11+00:00\",\"mainEntityOfPage\":{\"@id\":\"https:\\\/\\\/vienapaskola.lt\\\/index.php\\\/2024\\\/10\\\/15\\\/naujo-jimmyg-kurinio-tu-kitu-neteisk-premjera-jautri-zinute-ir-isskirtinis-vaizdo-klipas-su-europos-drifto-cempione\\\/\"},\"wordCount\":379,\"commentCount\":0,\"image\":{\"@id\":\"https:\\\/\\\/vienapaskola.lt\\\/index.php\\\/2024\\\/10\\\/15\\\/naujo-jimmyg-kurinio-tu-kitu-neteisk-premjera-jautri-zinute-ir-isskirtinis-vaizdo-klipas-su-europos-drifto-cempione\\\/#primaryimage\"},\"thumbnailUrl\":\"https:\\\/\\\/vienapaskola.lt\\\/wp-content\\\/uploads\\\/2024\\\/10\\\/Naujo-JimmyG-kurinio-\u201eTu-kitu-neteisk-premjera-\u2013-jautri-zinute.png\",\"keywords\":[\"\u010dempione\",\"Drifto\",\"Europos\",\"i\u0161skirtinis\",\"jautri\",\"JimmyG\",\"kit\u0173\",\"klipas\",\"k\u016brinio\",\"Naujo\",\"neteisk\",\"premjera\",\"vaizdo\",\"\u017einut\u0117\"],\"articleSection\":[\"\u0160ALIES NAUJIENOS\"],\"inLanguage\":\"lt-LT\",\"potentialAction\":[{\"@type\":\"CommentAction\",\"name\":\"Comment\",\"target\":[\"https:\\\/\\\/vienapaskola.lt\\\/index.php\\\/2024\\\/10\\\/15\\\/naujo-jimmyg-kurinio-tu-kitu-neteisk-premjera-jautri-zinute-ir-isskirtinis-vaizdo-klipas-su-europos-drifto-cempione\\\/#respond\"]}]},{\"@type\":\"WebPage\",\"@id\":\"https:\\\/\\\/vienapaskola.lt\\\/index.php\\\/2024\\\/10\\\/15\\\/naujo-jimmyg-kurinio-tu-kitu-neteisk-premjera-jautri-zinute-ir-isskirtinis-vaizdo-klipas-su-europos-drifto-cempione\\\/\",\"url\":\"https:\\\/\\\/vienapaskola.lt\\\/index.php\\\/2024\\\/10\\\/15\\\/naujo-jimmyg-kurinio-tu-kitu-neteisk-premjera-jautri-zinute-ir-isskirtinis-vaizdo-klipas-su-europos-drifto-cempione\\\/\",\"name\":\"Naujo JimmyG k\u016brinio \u201eTu kit\u0173 neteisk\u201c premjera \u2013 jautri \u017einut\u0117 ir i\u0161skirtinis vaizdo klipas su Europos drifto \u010dempione - VienaPaskola.LT\",\"isPartOf\":{\"@id\":\"https:\\\/\\\/vienapaskola.lt\\\/#website\"},\"primaryImageOfPage\":{\"@id\":\"https:\\\/\\\/vienapaskola.lt\\\/index.php\\\/2024\\\/10\\\/15\\\/naujo-jimmyg-kurinio-tu-kitu-neteisk-premjera-jautri-zinute-ir-isskirtinis-vaizdo-klipas-su-europos-drifto-cempione\\\/#primaryimage\"},\"image\":{\"@id\":\"https:\\\/\\\/vienapaskola.lt\\\/index.php\\\/2024\\\/10\\\/15\\\/naujo-jimmyg-kurinio-tu-kitu-neteisk-premjera-jautri-zinute-ir-isskirtinis-vaizdo-klipas-su-europos-drifto-cempione\\\/#primaryimage\"},\"thumbnailUrl\":\"https:\\\/\\\/vienapaskola.lt\\\/wp-content\\\/uploads\\\/2024\\\/10\\\/Naujo-JimmyG-kurinio-\u201eTu-kitu-neteisk-premjera-\u2013-jautri-zinute.png\",\"datePublished\":\"2024-10-15T14:35:11+00:00\",\"author\":{\"@id\":\"https:\\\/\\\/vienapaskola.lt\\\/#\\\/schema\\\/person\\\/fd1e0e3a6f51f419b26be8373355ab9b\"},\"breadcrumb\":{\"@id\":\"https:\\\/\\\/vienapaskola.lt\\\/index.php\\\/2024\\\/10\\\/15\\\/naujo-jimmyg-kurinio-tu-kitu-neteisk-premjera-jautri-zinute-ir-isskirtinis-vaizdo-klipas-su-europos-drifto-cempione\\\/#breadcrumb\"},\"inLanguage\":\"lt-LT\",\"potentialAction\":[{\"@type\":\"ReadAction\",\"target\":[\"https:\\\/\\\/vienapaskola.lt\\\/index.php\\\/2024\\\/10\\\/15\\\/naujo-jimmyg-kurinio-tu-kitu-neteisk-premjera-jautri-zinute-ir-isskirtinis-vaizdo-klipas-su-europos-drifto-cempione\\\/\"]}]},{\"@type\":\"ImageObject\",\"inLanguage\":\"lt-LT\",\"@id\":\"https:\\\/\\\/vienapaskola.lt\\\/index.php\\\/2024\\\/10\\\/15\\\/naujo-jimmyg-kurinio-tu-kitu-neteisk-premjera-jautri-zinute-ir-isskirtinis-vaizdo-klipas-su-europos-drifto-cempione\\\/#primaryimage\",\"url\":\"https:\\\/\\\/vienapaskola.lt\\\/wp-content\\\/uploads\\\/2024\\\/10\\\/Naujo-JimmyG-kurinio-\u201eTu-kitu-neteisk-premjera-\u2013-jautri-zinute.png\",\"contentUrl\":\"https:\\\/\\\/vienapaskola.lt\\\/wp-content\\\/uploads\\\/2024\\\/10\\\/Naujo-JimmyG-kurinio-\u201eTu-kitu-neteisk-premjera-\u2013-jautri-zinute.png\",\"width\":1024,\"height\":566},{\"@type\":\"BreadcrumbList\",\"@id\":\"https:\\\/\\\/vienapaskola.lt\\\/index.php\\\/2024\\\/10\\\/15\\\/naujo-jimmyg-kurinio-tu-kitu-neteisk-premjera-jautri-zinute-ir-isskirtinis-vaizdo-klipas-su-europos-drifto-cempione\\\/#breadcrumb\",\"itemListElement\":[{\"@type\":\"ListItem\",\"position\":1,\"name\":\"Home\",\"item\":\"https:\\\/\\\/vienapaskola.lt\\\/\"},{\"@type\":\"ListItem\",\"position\":2,\"name\":\"Naujo JimmyG k\u016brinio \u201eTu kit\u0173 neteisk\u201c premjera \u2013 jautri \u017einut\u0117 ir i\u0161skirtinis vaizdo klipas su Europos drifto \u010dempione\"}]},{\"@type\":\"WebSite\",\"@id\":\"https:\\\/\\\/vienapaskola.lt\\\/#website\",\"url\":\"https:\\\/\\\/vienapaskola.lt\\\/\",\"name\":\"VienaPaskola.LT\",\"description\":\"Finansai,ekonomika,technologijos\",\"potentialAction\":[{\"@type\":\"SearchAction\",\"target\":{\"@type\":\"EntryPoint\",\"urlTemplate\":\"https:\\\/\\\/vienapaskola.lt\\\/?s={search_term_string}\"},\"query-input\":{\"@type\":\"PropertyValueSpecification\",\"valueRequired\":true,\"valueName\":\"search_term_string\"}}],\"inLanguage\":\"lt-LT\"},{\"@type\":\"Person\",\"@id\":\"https:\\\/\\\/vienapaskola.lt\\\/#\\\/schema\\\/person\\\/fd1e0e3a6f51f419b26be8373355ab9b\",\"name\":\"admin\",\"image\":{\"@type\":\"ImageObject\",\"inLanguage\":\"lt-LT\",\"@id\":\"https:\\\/\\\/secure.gravatar.com\\\/avatar\\\/f37349f777250847d2fca2ada474f5a6aadffa79d5284e8ad354a5c410a691ec?s=96&d=mm&r=g\",\"url\":\"https:\\\/\\\/secure.gravatar.com\\\/avatar\\\/f37349f777250847d2fca2ada474f5a6aadffa79d5284e8ad354a5c410a691ec?s=96&d=mm&r=g\",\"contentUrl\":\"https:\\\/\\\/secure.gravatar.com\\\/avatar\\\/f37349f777250847d2fca2ada474f5a6aadffa79d5284e8ad354a5c410a691ec?s=96&d=mm&r=g\",\"caption\":\"admin\"},\"sameAs\":[\"https:\\\/\\\/vienapaskola.lt\"],\"url\":\"https:\\\/\\\/vienapaskola.lt\\\/index.php\\\/author\\\/admin\\\/\"}]}<\/script>\n<!-- \/ Yoast SEO plugin. -->","yoast_head_json":{"title":"Naujo JimmyG k\u016brinio \u201eTu kit\u0173 neteisk\u201c premjera \u2013 jautri \u017einut\u0117 ir i\u0161skirtinis vaizdo klipas su Europos drifto \u010dempione - VienaPaskola.LT","robots":{"index":"index","follow":"follow","max-snippet":"max-snippet:-1","max-image-preview":"max-image-preview:large","max-video-preview":"max-video-preview:-1"},"canonical":"https:\/\/vienapaskola.lt\/index.php\/2024\/10\/15\/naujo-jimmyg-kurinio-tu-kitu-neteisk-premjera-jautri-zinute-ir-isskirtinis-vaizdo-klipas-su-europos-drifto-cempione\/","og_locale":"lt_LT","og_type":"article","og_title":"Naujo JimmyG k\u016brinio \u201eTu kit\u0173 neteisk\u201c premjera \u2013 jautri \u017einut\u0117 ir i\u0161skirtinis vaizdo klipas su Europos drifto \u010dempione - VienaPaskola.LT","og_description":"Spalio 15 d. yra ypatinga diena atlik\u0117jui, prodiuseriui ir reperiui Vytautui Maziliauskui, geriau \u017einomam sceniniu vardu JimmyG. \u0160iandien \u012f eter\u012f paleid\u017eiamas naujausias jo k\u016brinys \u2013 \u201eTu kit\u0173 neteisk\u201c. Tai pirmoji daina i\u0161 b\u016bsimo JimmyG POP-RAP albumo, kupino asmenini\u0173 patir\u010di\u0173 ir gyvenimi\u0161k\u0173 apm\u0105stym\u0173. \u201eTai mano daina i\u0161 \u0161irdies, kuri labai stipriai rezonuoja su dabartiniu mano gyvenimo [&hellip;]","og_url":"https:\/\/vienapaskola.lt\/index.php\/2024\/10\/15\/naujo-jimmyg-kurinio-tu-kitu-neteisk-premjera-jautri-zinute-ir-isskirtinis-vaizdo-klipas-su-europos-drifto-cempione\/","og_site_name":"VienaPaskola.LT","article_published_time":"2024-10-15T14:35:11+00:00","og_image":[{"url":"https:\/\/miestonaujienos.lt\/wp-content\/uploads\/2015\/12\/pranesimu-spaudai-platinimas.jpg","type":"","width":"","height":""}],"author":"admin","twitter_card":"summary_large_image","twitter_misc":{"Written by":"admin","Est. reading time":"2 minut\u0117s"},"schema":{"@context":"https:\/\/schema.org","@graph":[{"@type":"Article","@id":"https:\/\/vienapaskola.lt\/index.php\/2024\/10\/15\/naujo-jimmyg-kurinio-tu-kitu-neteisk-premjera-jautri-zinute-ir-isskirtinis-vaizdo-klipas-su-europos-drifto-cempione\/#article","isPartOf":{"@id":"https:\/\/vienapaskola.lt\/index.php\/2024\/10\/15\/naujo-jimmyg-kurinio-tu-kitu-neteisk-premjera-jautri-zinute-ir-isskirtinis-vaizdo-klipas-su-europos-drifto-cempione\/"},"author":{"name":"admin","@id":"https:\/\/vienapaskola.lt\/#\/schema\/person\/fd1e0e3a6f51f419b26be8373355ab9b"},"headline":"Naujo JimmyG k\u016brinio \u201eTu kit\u0173 neteisk\u201c premjera \u2013 jautri \u017einut\u0117 ir i\u0161skirtinis vaizdo klipas su Europos drifto \u010dempione","datePublished":"2024-10-15T14:35:11+00:00","mainEntityOfPage":{"@id":"https:\/\/vienapaskola.lt\/index.php\/2024\/10\/15\/naujo-jimmyg-kurinio-tu-kitu-neteisk-premjera-jautri-zinute-ir-isskirtinis-vaizdo-klipas-su-europos-drifto-cempione\/"},"wordCount":379,"commentCount":0,"image":{"@id":"https:\/\/vienapaskola.lt\/index.php\/2024\/10\/15\/naujo-jimmyg-kurinio-tu-kitu-neteisk-premjera-jautri-zinute-ir-isskirtinis-vaizdo-klipas-su-europos-drifto-cempione\/#primaryimage"},"thumbnailUrl":"https:\/\/vienapaskola.lt\/wp-content\/uploads\/2024\/10\/Naujo-JimmyG-kurinio-\u201eTu-kitu-neteisk-premjera-\u2013-jautri-zinute.png","keywords":["\u010dempione","Drifto","Europos","i\u0161skirtinis","jautri","JimmyG","kit\u0173","klipas","k\u016brinio","Naujo","neteisk","premjera","vaizdo","\u017einut\u0117"],"articleSection":["\u0160ALIES NAUJIENOS"],"inLanguage":"lt-LT","potentialAction":[{"@type":"CommentAction","name":"Comment","target":["https:\/\/vienapaskola.lt\/index.php\/2024\/10\/15\/naujo-jimmyg-kurinio-tu-kitu-neteisk-premjera-jautri-zinute-ir-isskirtinis-vaizdo-klipas-su-europos-drifto-cempione\/#respond"]}]},{"@type":"WebPage","@id":"https:\/\/vienapaskola.lt\/index.php\/2024\/10\/15\/naujo-jimmyg-kurinio-tu-kitu-neteisk-premjera-jautri-zinute-ir-isskirtinis-vaizdo-klipas-su-europos-drifto-cempione\/","url":"https:\/\/vienapaskola.lt\/index.php\/2024\/10\/15\/naujo-jimmyg-kurinio-tu-kitu-neteisk-premjera-jautri-zinute-ir-isskirtinis-vaizdo-klipas-su-europos-drifto-cempione\/","name":"Naujo JimmyG k\u016brinio \u201eTu kit\u0173 neteisk\u201c premjera \u2013 jautri \u017einut\u0117 ir i\u0161skirtinis vaizdo klipas su Europos drifto \u010dempione - VienaPaskola.LT","isPartOf":{"@id":"https:\/\/vienapaskola.lt\/#website"},"primaryImageOfPage":{"@id":"https:\/\/vienapaskola.lt\/index.php\/2024\/10\/15\/naujo-jimmyg-kurinio-tu-kitu-neteisk-premjera-jautri-zinute-ir-isskirtinis-vaizdo-klipas-su-europos-drifto-cempione\/#primaryimage"},"image":{"@id":"https:\/\/vienapaskola.lt\/index.php\/2024\/10\/15\/naujo-jimmyg-kurinio-tu-kitu-neteisk-premjera-jautri-zinute-ir-isskirtinis-vaizdo-klipas-su-europos-drifto-cempione\/#primaryimage"},"thumbnailUrl":"https:\/\/vienapaskola.lt\/wp-content\/uploads\/2024\/10\/Naujo-JimmyG-kurinio-\u201eTu-kitu-neteisk-premjera-\u2013-jautri-zinute.png","datePublished":"2024-10-15T14:35:11+00:00","author":{"@id":"https:\/\/vienapaskola.lt\/#\/schema\/person\/fd1e0e3a6f51f419b26be8373355ab9b"},"breadcrumb":{"@id":"https:\/\/vienapaskola.lt\/index.php\/2024\/10\/15\/naujo-jimmyg-kurinio-tu-kitu-neteisk-premjera-jautri-zinute-ir-isskirtinis-vaizdo-klipas-su-europos-drifto-cempione\/#breadcrumb"},"inLanguage":"lt-LT","potentialAction":[{"@type":"ReadAction","target":["https:\/\/vienapaskola.lt\/index.php\/2024\/10\/15\/naujo-jimmyg-kurinio-tu-kitu-neteisk-premjera-jautri-zinute-ir-isskirtinis-vaizdo-klipas-su-europos-drifto-cempione\/"]}]},{"@type":"ImageObject","inLanguage":"lt-LT","@id":"https:\/\/vienapaskola.lt\/index.php\/2024\/10\/15\/naujo-jimmyg-kurinio-tu-kitu-neteisk-premjera-jautri-zinute-ir-isskirtinis-vaizdo-klipas-su-europos-drifto-cempione\/#primaryimage","url":"https:\/\/vienapaskola.lt\/wp-content\/uploads\/2024\/10\/Naujo-JimmyG-kurinio-\u201eTu-kitu-neteisk-premjera-\u2013-jautri-zinute.png","contentUrl":"https:\/\/vienapaskola.lt\/wp-content\/uploads\/2024\/10\/Naujo-JimmyG-kurinio-\u201eTu-kitu-neteisk-premjera-\u2013-jautri-zinute.png","width":1024,"height":566},{"@type":"BreadcrumbList","@id":"https:\/\/vienapaskola.lt\/index.php\/2024\/10\/15\/naujo-jimmyg-kurinio-tu-kitu-neteisk-premjera-jautri-zinute-ir-isskirtinis-vaizdo-klipas-su-europos-drifto-cempione\/#breadcrumb","itemListElement":[{"@type":"ListItem","position":1,"name":"Home","item":"https:\/\/vienapaskola.lt\/"},{"@type":"ListItem","position":2,"name":"Naujo JimmyG k\u016brinio \u201eTu kit\u0173 neteisk\u201c premjera \u2013 jautri \u017einut\u0117 ir i\u0161skirtinis vaizdo klipas su Europos drifto \u010dempione"}]},{"@type":"WebSite","@id":"https:\/\/vienapaskola.lt\/#website","url":"https:\/\/vienapaskola.lt\/","name":"VienaPaskola.LT","description":"Finansai,ekonomika,technologijos","potentialAction":[{"@type":"SearchAction","target":{"@type":"EntryPoint","urlTemplate":"https:\/\/vienapaskola.lt\/?s={search_term_string}"},"query-input":{"@type":"PropertyValueSpecification","valueRequired":true,"valueName":"search_term_string"}}],"inLanguage":"lt-LT"},{"@type":"Person","@id":"https:\/\/vienapaskola.lt\/#\/schema\/person\/fd1e0e3a6f51f419b26be8373355ab9b","name":"admin","image":{"@type":"ImageObject","inLanguage":"lt-LT","@id":"https:\/\/secure.gravatar.com\/avatar\/f37349f777250847d2fca2ada474f5a6aadffa79d5284e8ad354a5c410a691ec?s=96&d=mm&r=g","url":"https:\/\/secure.gravatar.com\/avatar\/f37349f777250847d2fca2ada474f5a6aadffa79d5284e8ad354a5c410a691ec?s=96&d=mm&r=g","contentUrl":"https:\/\/secure.gravatar.com\/avatar\/f37349f777250847d2fca2ada474f5a6aadffa79d5284e8ad354a5c410a691ec?s=96&d=mm&r=g","caption":"admin"},"sameAs":["https:\/\/vienapaskola.lt"],"url":"https:\/\/vienapaskola.lt\/index.php\/author\/admin\/"}]}},"_links":{"self":[{"href":"https:\/\/vienapaskola.lt\/index.php\/wp-json\/wp\/v2\/posts\/303","targetHints":{"allow":["GET"]}}],"collection":[{"href":"https:\/\/vienapaskola.lt\/index.php\/wp-json\/wp\/v2\/posts"}],"about":[{"href":"https:\/\/vienapaskola.lt\/index.php\/wp-json\/wp\/v2\/types\/post"}],"author":[{"embeddable":true,"href":"https:\/\/vienapaskola.lt\/index.php\/wp-json\/wp\/v2\/users\/1"}],"replies":[{"embeddable":true,"href":"https:\/\/vienapaskola.lt\/index.php\/wp-json\/wp\/v2\/comments?post=303"}],"version-history":[{"count":0,"href":"https:\/\/vienapaskola.lt\/index.php\/wp-json\/wp\/v2\/posts\/303\/revisions"}],"wp:featuredmedia":[{"embeddable":true,"href":"https:\/\/vienapaskola.lt\/index.php\/wp-json\/wp\/v2\/media\/304"}],"wp:attachment":[{"href":"https:\/\/vienapaskola.lt\/index.php\/wp-json\/wp\/v2\/media?parent=303"}],"wp:term":[{"taxonomy":"category","embeddable":true,"href":"https:\/\/vienapaskola.lt\/index.php\/wp-json\/wp\/v2\/categories?post=303"},{"taxonomy":"post_tag","embeddable":true,"href":"https:\/\/vienapaskola.lt\/index.php\/wp-json\/wp\/v2\/tags?post=303"}],"curies":[{"name":"wp","href":"https:\/\/api.w.org\/{rel}","templated":true}]}}