{"id":682,"date":"2024-11-24T16:27:41","date_gmt":"2024-11-24T16:27:41","guid":{"rendered":"https:\/\/vienapaskola.lt\/index.php\/2024\/11\/24\/kauno-miesto-savivaldybe-kauno-miesto-muziejus-kviecia-laukti-sv-kaledu-kartu\/"},"modified":"2024-11-24T16:27:41","modified_gmt":"2024-11-24T16:27:41","slug":"kauno-miesto-savivaldybe-kauno-miesto-muziejus-kviecia-laukti-sv-kaledu-kartu","status":"publish","type":"post","link":"https:\/\/vienapaskola.lt\/index.php\/2024\/11\/24\/kauno-miesto-savivaldybe-kauno-miesto-muziejus-kviecia-laukti-sv-kaledu-kartu\/","title":{"rendered":"Kauno miesto savivaldyb\u0117 Kauno miesto muziejus kvie\u010dia laukti \u0161v. Kal\u0117d\u0173 kartu"},"content":{"rendered":"<p> <br \/>\n<\/p>\n<div>\n<ol class=\"breadcrumb\">\n<li>Prad\u017eia<\/li>\n<li>Naujienos<\/li>\n<li>Kauno miesto muziejus kvie\u010dia laukti \u0161v. Kal\u0117d\u0173 kartu<\/li>\n<\/ol>\n<div class=\"post_featured_img_wrap\"><\/div>\n<div class=\"post_date\">\n<p>Paskelbta: 2024-11-20 (Tre\u010diadienis)<\/p>\n<\/p><\/div>\n<\/p><\/div>\n<div data-post-id=\"185354\">\n<p><strong>Penki Kauno miesto muziejaus (KMM) padaliniai \u2013 Kauno rotu\u0161\u0117, Kauno pilis, M. ir K. Petrausk\u0173 namai, Tautin\u0117s muzikos muziejus bei Juozo Gruod\u017eio namai \u2013 pradeda gyventi \u0161v. Kal\u0117d\u0173 laukimu. Nuo laiko kartu kuriant kal\u0117dines dovanas iki apsilankymo koncerte, atviruk\u0173 parodoje ar J. Gruod\u017eio gimtadienio \u0161vent\u0117je \u2013 muziejuje laukiami visi, norintys prasmingai, tvariai ir kokybi\u0161kai praleisti laik\u0105 drauge su pa\u010diais artimiausiais.<\/strong><\/p>\n<p>Jau pirm\u0105j\u0105 gruod\u017eio savait\u0119 Kauno rotu\u0161\u0117je lankytojus pasitiks egl\u0117, puo\u0161ta pa\u010di\u0173 miestie\u010di\u0173 muziejui padovanotais kal\u0117diniais \u017eaislais. Daugiau kaip de\u0161imtmet\u012f renkamoje ir saugomoje kolekcijoje \u0161iandien daugiau kaip 300 eksponat\u0173, pasakojan\u010di\u0173 ypatingas, labai asmeni\u0161kas \u017emoni\u0173 ir miesto istorijas.<\/p>\n<div id=\"ez-toc-container\" class=\"ez-toc-v2_0_82_2 counter-hierarchy ez-toc-counter ez-toc-grey ez-toc-container-direction\">\n<div class=\"ez-toc-title-container\">\n<p class=\"ez-toc-title\" style=\"cursor:inherit\">Turinys:<\/p>\n<span class=\"ez-toc-title-toggle\"><a href=\"#\" class=\"ez-toc-pull-right ez-toc-btn ez-toc-btn-xs ez-toc-btn-default ez-toc-toggle\" aria-label=\"Toggle Table of Content\"><span class=\"ez-toc-js-icon-con\"><span class=\"\"><span class=\"eztoc-hide\" style=\"display:none;\">Toggle<\/span><span class=\"ez-toc-icon-toggle-span\"><svg style=\"fill: #999;color:#999\" xmlns=\"http:\/\/www.w3.org\/2000\/svg\" class=\"list-377408\" width=\"20px\" height=\"20px\" viewBox=\"0 0 24 24\" fill=\"none\"><path d=\"M6 6H4v2h2V6zm14 0H8v2h12V6zM4 11h2v2H4v-2zm16 0H8v2h12v-2zM4 16h2v2H4v-2zm16 0H8v2h12v-2z\" fill=\"currentColor\"><\/path><\/svg><svg style=\"fill: #999;color:#999\" class=\"arrow-unsorted-368013\" xmlns=\"http:\/\/www.w3.org\/2000\/svg\" width=\"10px\" height=\"10px\" viewBox=\"0 0 24 24\" version=\"1.2\" baseProfile=\"tiny\"><path d=\"M18.2 9.3l-6.2-6.3-6.2 6.3c-.2.2-.3.4-.3.7s.1.5.3.7c.2.2.4.3.7.3h11c.3 0 .5-.1.7-.3.2-.2.3-.5.3-.7s-.1-.5-.3-.7zM5.8 14.7l6.2 6.3 6.2-6.3c.2-.2.3-.5.3-.7s-.1-.5-.3-.7c-.2-.2-.4-.3-.7-.3h-11c-.3 0-.5.1-.7.3-.2.2-.3.5-.3.7s.1.5.3.7z\"\/><\/svg><\/span><\/span><\/span><\/a><\/span><\/div>\n<nav><ul class='ez-toc-list ez-toc-list-level-1 ' ><li class='ez-toc-page-1 ez-toc-heading-level-2'><a class=\"ez-toc-link ez-toc-heading-1\" href=\"https:\/\/vienapaskola.lt\/index.php\/2024\/11\/24\/kauno-miesto-savivaldybe-kauno-miesto-muziejus-kviecia-laukti-sv-kaledu-kartu\/#Juozo_Gruodzio_gimtadieniui_%E2%80%93_koncertai_ir_staigmenos\" >Juozo Gruod\u017eio gimtadieniui \u2013 koncertai ir staigmenos<\/a><\/li><li class='ez-toc-page-1 ez-toc-heading-level-2'><a class=\"ez-toc-link ez-toc-heading-2\" href=\"https:\/\/vienapaskola.lt\/index.php\/2024\/11\/24\/kauno-miesto-savivaldybe-kauno-miesto-muziejus-kviecia-laukti-sv-kaledu-kartu\/#Kurybines_dirbtuves_%E2%80%93_kaledinems_dovanoms_pagaminti\" >K\u016brybin\u0117s dirbtuv\u0117s \u2013 kal\u0117din\u0117ms dovanoms pagaminti<\/a><\/li><li class='ez-toc-page-1 ez-toc-heading-level-2'><a class=\"ez-toc-link ez-toc-heading-3\" href=\"https:\/\/vienapaskola.lt\/index.php\/2024\/11\/24\/kauno-miesto-savivaldybe-kauno-miesto-muziejus-kviecia-laukti-sv-kaledu-kartu\/#Koncertuose_%E2%80%93_advento_ir_sventine_muzika\" >Koncertuose \u2013 advento ir \u0161ventin\u0117 muzika<\/a><\/li><li class='ez-toc-page-1 ez-toc-heading-level-2'><a class=\"ez-toc-link ez-toc-heading-4\" href=\"https:\/\/vienapaskola.lt\/index.php\/2024\/11\/24\/kauno-miesto-savivaldybe-kauno-miesto-muziejus-kviecia-laukti-sv-kaledu-kartu\/#Parodoje_%E2%80%9EMaza_daili_sventine_kortele%E2%80%9C_%E2%80%93_sventiniai_sveikinimo_atvirukai\" >Parodoje \u201eMa\u017ea, daili \u0161ventin\u0117 kortel\u0117\u201c \u2013 \u0161ventiniai sveikinimo atvirukai<\/a><\/li><\/ul><\/nav><\/div>\n<h2><span class=\"ez-toc-section\" id=\"Juozo_Gruodzio_gimtadieniui_%E2%80%93_koncertai_ir_staigmenos\"><\/span>Juozo Gruod\u017eio gimtadieniui \u2013 koncertai ir staigmenos<span class=\"ez-toc-section-end\"><\/span><\/h2>\n<p>Gruod\u017eio m\u0117nuo \u2013 kompozitoriaus J. Gruod\u017eio gimimo m\u0117nuo. Tod\u0117l jau nuo gruod\u017eio 6 d. iki gruod\u017eio 20 d. J. Gruod\u017eio namai kvies \u012f \u0161ventinius renginius. Gruod\u017eio 6 d. \u010dia vyks nemokamas Kauno Juozo Gruod\u017eio konservatorijos mokini\u0173 ir mokytoj\u0173 koncertas, ma\u017eiau nei po savait\u0117s, gruod\u017eio 11 d., koncertuos Juozo Naujalio muzikos gimnazijos moksleiviai, o gruod\u017eio 20 d., tikr\u0105j\u0105 J. Gruod\u017eio gimimo dien\u0105, vis\u0173 lauks ekskursija \u201eMano darbas taurus\u201c, kurios lankytojai bus vai\u0161inami keksiukais ir arbata. Visi gimtadienio renginiai nemokami.<\/p>\n<p><img fetchpriority=\"high\" decoding=\"async\" class=\"aligncenter size-full wp-image-185356\" src=\"https:\/\/www.kaunas.lt\/wp-content\/uploads\/sites\/13\/2024\/11\/3-scaled.jpg\" alt=\"\" width=\"2560\" height=\"1709\" srcset=\"https:\/\/www.kaunas.lt\/wp-content\/uploads\/sites\/13\/2024\/11\/3-scaled.jpg 2560w, https:\/\/www.kaunas.lt\/wp-content\/uploads\/sites\/13\/2024\/11\/3-300x200.jpg 300w, https:\/\/www.kaunas.lt\/wp-content\/uploads\/sites\/13\/2024\/11\/3-1024x684.jpg 1024w, https:\/\/www.kaunas.lt\/wp-content\/uploads\/sites\/13\/2024\/11\/3-768x513.jpg 768w, https:\/\/www.kaunas.lt\/wp-content\/uploads\/sites\/13\/2024\/11\/3-1536x1025.jpg 1536w, https:\/\/www.kaunas.lt\/wp-content\/uploads\/sites\/13\/2024\/11\/3-2048x1367.jpg 2048w, https:\/\/www.kaunas.lt\/wp-content\/uploads\/sites\/13\/2024\/11\/3-720x480.jpg 720w\" sizes=\"(max-width: 2560px) 100vw, 2560px\"\/><\/p>\n<h2><span class=\"ez-toc-section\" id=\"Kurybines_dirbtuves_%E2%80%93_kaledinems_dovanoms_pagaminti\"><\/span>K\u016brybin\u0117s dirbtuv\u0117s \u2013 kal\u0117din\u0117ms dovanoms pagaminti<span class=\"ez-toc-section-end\"><\/span><\/h2>\n<p>\u0160iemet Kauno miesto eglei ir visam kal\u0117diniam miesteliui \u012fsik\u016brus Vienyb\u0117s aik\u0161t\u0117je, \u010dia atkeliaus ir keletas KMM edukacini\u0173 u\u017esi\u0117mim\u0173. Jau lapkri\u010dio 26 d. viename i\u0161 kupol\u0173 visi bus kvie\u010diami i\u0161gerti arbatos, ruo\u0161tos pagal Stas\u0117s Gruodien\u0117s recept\u0105, palankstyti fig\u016br\u0117li\u0173 i\u0161 saldaini\u0173 popier\u0117li\u0173 ir paklausyti istorij\u0173 i\u0161 Gruod\u017ei\u0173 gyvenimo. V\u0117liau vyks k\u016brybin\u0117s dirbtuv\u0117s, kuri\u0173 metu bus galima pagaminti molin\u012f suvenyr\u0105 ir juo papuo\u0161ti savo kal\u0117din\u0119 eglut\u0119 bei namus.<\/p>\n<p>Lapkri\u010dio 28 d. \u010dia veiks kal\u0117dini\u0173 atviruk\u0173-fortepijon\u0173 ir skudu\u010di\u0173 gamyba, o gruod\u017eio 5 d. ma\u017eieji lankytojai gal\u0117s pasigaminti molin\u012f suvenyr\u0105 arba kal\u0117din\u0119 dekoracij\u0105 i\u0161 priemoni\u0173, kurias galima rasti kiekvienuose namuose. Visi \u0161ie edukaciniai u\u017esi\u0117mimai \u2013 nemokami.<\/p>\n<p>Kal\u0117dini\u0173 k\u016brybini\u0173 dirbtuvi\u0173 nestigs ir paties muziejaus padaliniuose. Kiekvien\u0105 gruod\u017eio \u0161e\u0161tadien\u012f, nuo gruod\u017eio 7 d. iki gruod\u017eio 28 d., Kauno rotu\u0161\u0117je bus galima pasigaminti skirting\u0105 kal\u0117din\u012f suvenyr\u0105 \u2013 \u010dia vyks kal\u0117dinio \u0161e\u0161\u0117li\u0173 teatro gamyba, atviruko, eglut\u0117s \u017eaisliuko, mai\u0161elio dirbtuv\u0117s. Visi \u0161e\u0161tadieniai rotu\u0161\u0117je vaikams yra nemokami, suaugusiems \u2013 su lankymo bilietu.<\/p>\n<p>Gruod\u017eio 17 d. kal\u0117dini\u0173 atviruk\u0173 dirbtuv\u0117s vyks ir M. ir K. Petrausk\u0173 namuose, o Tautin\u0117s muzikos muziejus gruod\u017eio 21 d. pakvies \u012f \u0161eimadien\u012f muziejuje, kurio metu bus galimyb\u0117 sudalyvauti u\u017esi\u0117mime \u201eL\u0117liu kal\u0117da, kal\u0117da\u201c, susipa\u017einti su advento laikotarpio tradicijomis, pasimokyti dain\u0173, \u017eaidim\u0173 ir pasigaminti kal\u0117din\u0119 \u017evak\u0119 i\u0161 medumi kvepian\u010dio va\u0161ko.<\/p>\n<p><img loading=\"lazy\" decoding=\"async\" class=\"aligncenter size-full wp-image-185357\" src=\"https:\/\/www.kaunas.lt\/wp-content\/uploads\/sites\/13\/2024\/11\/5.jpg\" alt=\"\" width=\"2048\" height=\"1367\" srcset=\"https:\/\/www.kaunas.lt\/wp-content\/uploads\/sites\/13\/2024\/11\/5.jpg 2048w, https:\/\/www.kaunas.lt\/wp-content\/uploads\/sites\/13\/2024\/11\/5-300x200.jpg 300w, https:\/\/www.kaunas.lt\/wp-content\/uploads\/sites\/13\/2024\/11\/5-1024x684.jpg 1024w, https:\/\/www.kaunas.lt\/wp-content\/uploads\/sites\/13\/2024\/11\/5-768x513.jpg 768w, https:\/\/www.kaunas.lt\/wp-content\/uploads\/sites\/13\/2024\/11\/5-1536x1025.jpg 1536w, https:\/\/www.kaunas.lt\/wp-content\/uploads\/sites\/13\/2024\/11\/5-720x480.jpg 720w\" sizes=\"auto, (max-width: 2048px) 100vw, 2048px\"\/><\/p>\n<h2><span class=\"ez-toc-section\" id=\"Koncertuose_%E2%80%93_advento_ir_sventine_muzika\"><\/span>Koncertuose \u2013 advento ir \u0161ventin\u0117 muzika<span class=\"ez-toc-section-end\"><\/span><\/h2>\n<p>Norin\u010diuosius \u0161v. Kal\u0117das pasitikti su muzika, KMM kvie\u010dia \u012f specialius koncertus: gruod\u017eio 12 d. Tautin\u0117s muzikos muziejuje vyks postfolkloro muzikos koncertas \u201eSu La\u201c su adventiniais \u017eaidimais, o gruod\u017eio 17 d. M. ir K. Petrausk\u0173 namuose skamb\u0117s jau tradicija tap\u0119s \u0161ventinis koncertas \u201eMuzikoj i\u0161tirpti\u201c. Renginiai nemokami ir atviri visiems.<\/p>\n<p><img loading=\"lazy\" decoding=\"async\" class=\"aligncenter size-full wp-image-185358\" src=\"https:\/\/www.kaunas.lt\/wp-content\/uploads\/sites\/13\/2024\/11\/4-scaled.jpg\" alt=\"\" width=\"2560\" height=\"1709\" srcset=\"https:\/\/www.kaunas.lt\/wp-content\/uploads\/sites\/13\/2024\/11\/4-scaled.jpg 2560w, https:\/\/www.kaunas.lt\/wp-content\/uploads\/sites\/13\/2024\/11\/4-300x200.jpg 300w, https:\/\/www.kaunas.lt\/wp-content\/uploads\/sites\/13\/2024\/11\/4-1024x683.jpg 1024w, https:\/\/www.kaunas.lt\/wp-content\/uploads\/sites\/13\/2024\/11\/4-768x513.jpg 768w, https:\/\/www.kaunas.lt\/wp-content\/uploads\/sites\/13\/2024\/11\/4-1536x1025.jpg 1536w, https:\/\/www.kaunas.lt\/wp-content\/uploads\/sites\/13\/2024\/11\/4-2048x1367.jpg 2048w, https:\/\/www.kaunas.lt\/wp-content\/uploads\/sites\/13\/2024\/11\/4-720x480.jpg 720w\" sizes=\"auto, (max-width: 2560px) 100vw, 2560px\"\/><\/p>\n<h2><span class=\"ez-toc-section\" id=\"Parodoje_%E2%80%9EMaza_daili_sventine_kortele%E2%80%9C_%E2%80%93_sventiniai_sveikinimo_atvirukai\"><\/span>Parodoje \u201eMa\u017ea, daili \u0161ventin\u0117 kortel\u0117\u201c \u2013 \u0161ventiniai sveikinimo atvirukai<span class=\"ez-toc-section-end\"><\/span><\/h2>\n<p>Be \u0161iuo metu KMM muziejuje veikian\u010di\u0173 nuolatini\u0173 ekspozicij\u0173 ir laikin\u0173 parod\u0173, lapkri\u010dio 28 d. M. ir K. Petrausk\u0173 namuose lankytojams duris atvers specialiai \u0161v. Kal\u0117doms skirta paroda \u201eMa\u017ea, daili \u0161ventin\u0117 kortel\u0117\u201c. Joje eksponuojami \u012fvairi\u0173 asmen\u0173 XX a. 3\u20134 de\u0161. si\u0173sti atvirukai ir vizitin\u0117s kortel\u0117s, operos solistui Kiprui Petrauskui skirti atvirlai\u0161kiai ir telegrama, kompozitoriui Juozui Gruod\u017eiui ir jo \u017emonai Stasei si\u0173sti sveikinimai, kompozitoriui Jonui Dambrauskui si\u0173sti atvirukai. \u0160ie eksponatai \u2013 tai tik ma\u017ea dalel\u0117 KMM fonduose saugom\u0173 atvirlai\u0161ki\u0173, atspindin\u010di\u0173 vyravusi\u0105 sveikinim\u0173 \u012fvairov\u0119 ir kintan\u010dias tradicijas. Parodos lankymas su muziejaus bilietu.<\/p>\n<p><img loading=\"lazy\" decoding=\"async\" class=\"aligncenter size-full wp-image-185359\" src=\"https:\/\/www.kaunas.lt\/wp-content\/uploads\/sites\/13\/2024\/11\/8-scaled.jpg\" alt=\"\" width=\"2560\" height=\"1709\" srcset=\"https:\/\/www.kaunas.lt\/wp-content\/uploads\/sites\/13\/2024\/11\/8-scaled.jpg 2560w, https:\/\/www.kaunas.lt\/wp-content\/uploads\/sites\/13\/2024\/11\/8-300x200.jpg 300w, https:\/\/www.kaunas.lt\/wp-content\/uploads\/sites\/13\/2024\/11\/8-1024x684.jpg 1024w, https:\/\/www.kaunas.lt\/wp-content\/uploads\/sites\/13\/2024\/11\/8-768x513.jpg 768w, https:\/\/www.kaunas.lt\/wp-content\/uploads\/sites\/13\/2024\/11\/8-1536x1025.jpg 1536w, https:\/\/www.kaunas.lt\/wp-content\/uploads\/sites\/13\/2024\/11\/8-2048x1367.jpg 2048w, https:\/\/www.kaunas.lt\/wp-content\/uploads\/sites\/13\/2024\/11\/8-720x480.jpg 720w\" sizes=\"auto, (max-width: 2560px) 100vw, 2560px\"\/><\/p>\n<p><em>Daugiau apie KMM renginius:<\/em> <em>https:\/\/kaunomuziejus.lt\/renginiai\/<\/em><em> ir<\/em> <em>https:\/\/kaunomuziejus.lt\/parodos\/<\/em><\/p>\n<p style=\"text-align: right\"><em>Kauno miesto muziejaus informacija<\/em><\/p>\n<p>\u00a0<\/p>\n<p>\u00a0<\/p>\n<\/p><\/div>\n<p><script>\n(function(d, s, id) {\n  var js, fjs = d.getElementsByTagName(s)[0];\n  if (d.getElementById(id)) return;\n  js = d.createElement(s); js.id = id;\n  js.src = \"\/\/connect.facebook.net\/lt_LT\/sdk.js#xfbml=1&version=v2.5&appId=118913718193570\";\n  fjs.parentNode.insertBefore(js, fjs);\n}(document, 'script', 'facebook-jssdk'));<\/script><script>(function(d, s, id) {\n\t\t\t\t\t\t\t\t\t\t\t  var js, fjs = d.getElementsByTagName(s)[0];\n\t\t\t\t\t\t\t\t\t\t\t  if (d.getElementById(id)) return;\n\t\t\t\t\t\t\t\t\t\t\t  js = d.createElement(s); js.id = id;\n\t\t\t\t\t\t\t\t\t\t\t  js.src = \"\/\/connect.facebook.net\/lt_LT\/sdk.js#xfbml=1&version=v2.3&appId=118913718193570\";\n\t\t\t\t\t\t\t\t\t\t\t  fjs.parentNode.insertBefore(js, fjs);\n\t\t\t\t\t\t\t\t\t\t\t}(document, 'script', 'facebook-jssdk'));\n\t\t\t\t\t\t\t\t\t\t\t<\/script><br \/>\n<br \/><br \/>\n<br \/><a href=\"https:\/\/www.kaunas.lt\/2024\/11\/20\/kauno-miesto-muziejus-kviecia-laukti-sv-kaledu-kartu\/\">Source link <\/a><\/p>\n","protected":false},"excerpt":{"rendered":"<p>Prad\u017eia Naujienos Kauno miesto muziejus kvie\u010dia laukti \u0161v. Kal\u0117d\u0173 kartu Paskelbta: 2024-11-20 (Tre\u010diadienis) Penki Kauno miesto muziejaus (KMM) padaliniai \u2013 Kauno rotu\u0161\u0117, Kauno pilis, M. ir K. Petrausk\u0173 namai, Tautin\u0117s muzikos muziejus bei Juozo Gruod\u017eio namai \u2013 pradeda gyventi \u0161v. Kal\u0117d\u0173 laukimu. Nuo laiko kartu kuriant kal\u0117dines dovanas iki apsilankymo koncerte, atviruk\u0173 parodoje ar J. [&hellip;]<\/p>\n","protected":false},"author":1,"featured_media":683,"comment_status":"","ping_status":"","sticky":false,"template":"","format":"standard","meta":{"om_disable_all_campaigns":false,"_monsterinsights_skip_tracking":false,"_monsterinsights_sitenote_active":false,"_monsterinsights_sitenote_note":"","_monsterinsights_sitenote_category":0,"footnotes":""},"categories":[369],"tags":[1729,1903,1156,1900,1901,382,1899,1157,1902],"class_list":["post-682","post","type-post","status-publish","format-standard","has-post-thumbnail","hentry","category-salies-naujienos-renginiai","tag-kaledu","tag-kartu","tag-kauno","tag-kviecia","tag-laukti","tag-miesto","tag-muziejus","tag-savivaldybe","tag-sv"],"aioseo_notices":[],"yoast_head":"<!-- This site is optimized with the Yoast SEO plugin v27.4 - https:\/\/yoast.com\/product\/yoast-seo-wordpress\/ -->\n<title>Kauno miesto savivaldyb\u0117 Kauno miesto muziejus kvie\u010dia laukti \u0161v. Kal\u0117d\u0173 kartu - VienaPaskola.LT<\/title>\n<meta name=\"robots\" content=\"index, follow, max-snippet:-1, max-image-preview:large, max-video-preview:-1\" \/>\n<link rel=\"canonical\" href=\"https:\/\/vienapaskola.lt\/index.php\/2024\/11\/24\/kauno-miesto-savivaldybe-kauno-miesto-muziejus-kviecia-laukti-sv-kaledu-kartu\/\" \/>\n<meta property=\"og:locale\" content=\"lt_LT\" \/>\n<meta property=\"og:type\" content=\"article\" \/>\n<meta property=\"og:title\" content=\"Kauno miesto savivaldyb\u0117 Kauno miesto muziejus kvie\u010dia laukti \u0161v. Kal\u0117d\u0173 kartu - VienaPaskola.LT\" \/>\n<meta property=\"og:description\" content=\"Prad\u017eia Naujienos Kauno miesto muziejus kvie\u010dia laukti \u0161v. Kal\u0117d\u0173 kartu Paskelbta: 2024-11-20 (Tre\u010diadienis) Penki Kauno miesto muziejaus (KMM) padaliniai \u2013 Kauno rotu\u0161\u0117, Kauno pilis, M. ir K. Petrausk\u0173 namai, Tautin\u0117s muzikos muziejus bei Juozo Gruod\u017eio namai \u2013 pradeda gyventi \u0161v. Kal\u0117d\u0173 laukimu. Nuo laiko kartu kuriant kal\u0117dines dovanas iki apsilankymo koncerte, atviruk\u0173 parodoje ar J. [&hellip;]\" \/>\n<meta property=\"og:url\" content=\"https:\/\/vienapaskola.lt\/index.php\/2024\/11\/24\/kauno-miesto-savivaldybe-kauno-miesto-muziejus-kviecia-laukti-sv-kaledu-kartu\/\" \/>\n<meta property=\"og:site_name\" content=\"VienaPaskola.LT\" \/>\n<meta property=\"article:published_time\" content=\"2024-11-24T16:27:41+00:00\" \/>\n<meta property=\"og:image\" content=\"https:\/\/www.kaunas.lt\/wp-content\/uploads\/sites\/13\/2024\/11\/2-990x557.jpg\" \/>\n<meta name=\"author\" content=\"admin\" \/>\n<meta name=\"twitter:card\" content=\"summary_large_image\" \/>\n<meta name=\"twitter:label1\" content=\"Written by\" \/>\n\t<meta name=\"twitter:data1\" content=\"admin\" \/>\n\t<meta name=\"twitter:label2\" content=\"Est. reading time\" \/>\n\t<meta name=\"twitter:data2\" content=\"3 minut\u0117s\" \/>\n<script type=\"application\/ld+json\" class=\"yoast-schema-graph\">{\"@context\":\"https:\\\/\\\/schema.org\",\"@graph\":[{\"@type\":\"Article\",\"@id\":\"https:\\\/\\\/vienapaskola.lt\\\/index.php\\\/2024\\\/11\\\/24\\\/kauno-miesto-savivaldybe-kauno-miesto-muziejus-kviecia-laukti-sv-kaledu-kartu\\\/#article\",\"isPartOf\":{\"@id\":\"https:\\\/\\\/vienapaskola.lt\\\/index.php\\\/2024\\\/11\\\/24\\\/kauno-miesto-savivaldybe-kauno-miesto-muziejus-kviecia-laukti-sv-kaledu-kartu\\\/\"},\"author\":{\"name\":\"admin\",\"@id\":\"https:\\\/\\\/vienapaskola.lt\\\/#\\\/schema\\\/person\\\/fd1e0e3a6f51f419b26be8373355ab9b\"},\"headline\":\"Kauno miesto savivaldyb\u0117 Kauno miesto muziejus kvie\u010dia laukti \u0161v. Kal\u0117d\u0173 kartu\",\"datePublished\":\"2024-11-24T16:27:41+00:00\",\"mainEntityOfPage\":{\"@id\":\"https:\\\/\\\/vienapaskola.lt\\\/index.php\\\/2024\\\/11\\\/24\\\/kauno-miesto-savivaldybe-kauno-miesto-muziejus-kviecia-laukti-sv-kaledu-kartu\\\/\"},\"wordCount\":687,\"image\":{\"@id\":\"https:\\\/\\\/vienapaskola.lt\\\/index.php\\\/2024\\\/11\\\/24\\\/kauno-miesto-savivaldybe-kauno-miesto-muziejus-kviecia-laukti-sv-kaledu-kartu\\\/#primaryimage\"},\"thumbnailUrl\":\"https:\\\/\\\/vienapaskola.lt\\\/wp-content\\\/uploads\\\/2024\\\/11\\\/Kauno-miesto-savivaldybe-Kauno-miesto-muziejus-kviecia-laukti-sv-Kaledu.jpg\",\"keywords\":[\"Kal\u0117d\u0173\",\"kartu\",\"Kauno\",\"kvie\u010dia\",\"laukti\",\"miesto\",\"muziejus\",\"savivaldyb\u0117\",\"\u0161v\"],\"articleSection\":[\"\u0160ALIES NAUJIENOS\"],\"inLanguage\":\"lt-LT\"},{\"@type\":\"WebPage\",\"@id\":\"https:\\\/\\\/vienapaskola.lt\\\/index.php\\\/2024\\\/11\\\/24\\\/kauno-miesto-savivaldybe-kauno-miesto-muziejus-kviecia-laukti-sv-kaledu-kartu\\\/\",\"url\":\"https:\\\/\\\/vienapaskola.lt\\\/index.php\\\/2024\\\/11\\\/24\\\/kauno-miesto-savivaldybe-kauno-miesto-muziejus-kviecia-laukti-sv-kaledu-kartu\\\/\",\"name\":\"Kauno miesto savivaldyb\u0117 Kauno miesto muziejus kvie\u010dia laukti \u0161v. Kal\u0117d\u0173 kartu - VienaPaskola.LT\",\"isPartOf\":{\"@id\":\"https:\\\/\\\/vienapaskola.lt\\\/#website\"},\"primaryImageOfPage\":{\"@id\":\"https:\\\/\\\/vienapaskola.lt\\\/index.php\\\/2024\\\/11\\\/24\\\/kauno-miesto-savivaldybe-kauno-miesto-muziejus-kviecia-laukti-sv-kaledu-kartu\\\/#primaryimage\"},\"image\":{\"@id\":\"https:\\\/\\\/vienapaskola.lt\\\/index.php\\\/2024\\\/11\\\/24\\\/kauno-miesto-savivaldybe-kauno-miesto-muziejus-kviecia-laukti-sv-kaledu-kartu\\\/#primaryimage\"},\"thumbnailUrl\":\"https:\\\/\\\/vienapaskola.lt\\\/wp-content\\\/uploads\\\/2024\\\/11\\\/Kauno-miesto-savivaldybe-Kauno-miesto-muziejus-kviecia-laukti-sv-Kaledu.jpg\",\"datePublished\":\"2024-11-24T16:27:41+00:00\",\"author\":{\"@id\":\"https:\\\/\\\/vienapaskola.lt\\\/#\\\/schema\\\/person\\\/fd1e0e3a6f51f419b26be8373355ab9b\"},\"breadcrumb\":{\"@id\":\"https:\\\/\\\/vienapaskola.lt\\\/index.php\\\/2024\\\/11\\\/24\\\/kauno-miesto-savivaldybe-kauno-miesto-muziejus-kviecia-laukti-sv-kaledu-kartu\\\/#breadcrumb\"},\"inLanguage\":\"lt-LT\",\"potentialAction\":[{\"@type\":\"ReadAction\",\"target\":[\"https:\\\/\\\/vienapaskola.lt\\\/index.php\\\/2024\\\/11\\\/24\\\/kauno-miesto-savivaldybe-kauno-miesto-muziejus-kviecia-laukti-sv-kaledu-kartu\\\/\"]}]},{\"@type\":\"ImageObject\",\"inLanguage\":\"lt-LT\",\"@id\":\"https:\\\/\\\/vienapaskola.lt\\\/index.php\\\/2024\\\/11\\\/24\\\/kauno-miesto-savivaldybe-kauno-miesto-muziejus-kviecia-laukti-sv-kaledu-kartu\\\/#primaryimage\",\"url\":\"https:\\\/\\\/vienapaskola.lt\\\/wp-content\\\/uploads\\\/2024\\\/11\\\/Kauno-miesto-savivaldybe-Kauno-miesto-muziejus-kviecia-laukti-sv-Kaledu.jpg\",\"contentUrl\":\"https:\\\/\\\/vienapaskola.lt\\\/wp-content\\\/uploads\\\/2024\\\/11\\\/Kauno-miesto-savivaldybe-Kauno-miesto-muziejus-kviecia-laukti-sv-Kaledu.jpg\",\"width\":1720,\"height\":1148},{\"@type\":\"BreadcrumbList\",\"@id\":\"https:\\\/\\\/vienapaskola.lt\\\/index.php\\\/2024\\\/11\\\/24\\\/kauno-miesto-savivaldybe-kauno-miesto-muziejus-kviecia-laukti-sv-kaledu-kartu\\\/#breadcrumb\",\"itemListElement\":[{\"@type\":\"ListItem\",\"position\":1,\"name\":\"Home\",\"item\":\"https:\\\/\\\/vienapaskola.lt\\\/\"},{\"@type\":\"ListItem\",\"position\":2,\"name\":\"Kauno miesto savivaldyb\u0117 Kauno miesto muziejus kvie\u010dia laukti \u0161v. Kal\u0117d\u0173 kartu\"}]},{\"@type\":\"WebSite\",\"@id\":\"https:\\\/\\\/vienapaskola.lt\\\/#website\",\"url\":\"https:\\\/\\\/vienapaskola.lt\\\/\",\"name\":\"VienaPaskola.LT\",\"description\":\"Finansai,ekonomika,technologijos\",\"potentialAction\":[{\"@type\":\"SearchAction\",\"target\":{\"@type\":\"EntryPoint\",\"urlTemplate\":\"https:\\\/\\\/vienapaskola.lt\\\/?s={search_term_string}\"},\"query-input\":{\"@type\":\"PropertyValueSpecification\",\"valueRequired\":true,\"valueName\":\"search_term_string\"}}],\"inLanguage\":\"lt-LT\"},{\"@type\":\"Person\",\"@id\":\"https:\\\/\\\/vienapaskola.lt\\\/#\\\/schema\\\/person\\\/fd1e0e3a6f51f419b26be8373355ab9b\",\"name\":\"admin\",\"image\":{\"@type\":\"ImageObject\",\"inLanguage\":\"lt-LT\",\"@id\":\"https:\\\/\\\/secure.gravatar.com\\\/avatar\\\/f37349f777250847d2fca2ada474f5a6aadffa79d5284e8ad354a5c410a691ec?s=96&d=mm&r=g\",\"url\":\"https:\\\/\\\/secure.gravatar.com\\\/avatar\\\/f37349f777250847d2fca2ada474f5a6aadffa79d5284e8ad354a5c410a691ec?s=96&d=mm&r=g\",\"contentUrl\":\"https:\\\/\\\/secure.gravatar.com\\\/avatar\\\/f37349f777250847d2fca2ada474f5a6aadffa79d5284e8ad354a5c410a691ec?s=96&d=mm&r=g\",\"caption\":\"admin\"},\"sameAs\":[\"https:\\\/\\\/vienapaskola.lt\"],\"url\":\"https:\\\/\\\/vienapaskola.lt\\\/index.php\\\/author\\\/admin\\\/\"}]}<\/script>\n<!-- \/ Yoast SEO plugin. -->","yoast_head_json":{"title":"Kauno miesto savivaldyb\u0117 Kauno miesto muziejus kvie\u010dia laukti \u0161v. Kal\u0117d\u0173 kartu - VienaPaskola.LT","robots":{"index":"index","follow":"follow","max-snippet":"max-snippet:-1","max-image-preview":"max-image-preview:large","max-video-preview":"max-video-preview:-1"},"canonical":"https:\/\/vienapaskola.lt\/index.php\/2024\/11\/24\/kauno-miesto-savivaldybe-kauno-miesto-muziejus-kviecia-laukti-sv-kaledu-kartu\/","og_locale":"lt_LT","og_type":"article","og_title":"Kauno miesto savivaldyb\u0117 Kauno miesto muziejus kvie\u010dia laukti \u0161v. Kal\u0117d\u0173 kartu - VienaPaskola.LT","og_description":"Prad\u017eia Naujienos Kauno miesto muziejus kvie\u010dia laukti \u0161v. Kal\u0117d\u0173 kartu Paskelbta: 2024-11-20 (Tre\u010diadienis) Penki Kauno miesto muziejaus (KMM) padaliniai \u2013 Kauno rotu\u0161\u0117, Kauno pilis, M. ir K. Petrausk\u0173 namai, Tautin\u0117s muzikos muziejus bei Juozo Gruod\u017eio namai \u2013 pradeda gyventi \u0161v. Kal\u0117d\u0173 laukimu. Nuo laiko kartu kuriant kal\u0117dines dovanas iki apsilankymo koncerte, atviruk\u0173 parodoje ar J. [&hellip;]","og_url":"https:\/\/vienapaskola.lt\/index.php\/2024\/11\/24\/kauno-miesto-savivaldybe-kauno-miesto-muziejus-kviecia-laukti-sv-kaledu-kartu\/","og_site_name":"VienaPaskola.LT","article_published_time":"2024-11-24T16:27:41+00:00","og_image":[{"url":"https:\/\/www.kaunas.lt\/wp-content\/uploads\/sites\/13\/2024\/11\/2-990x557.jpg","type":"","width":"","height":""}],"author":"admin","twitter_card":"summary_large_image","twitter_misc":{"Written by":"admin","Est. reading time":"3 minut\u0117s"},"schema":{"@context":"https:\/\/schema.org","@graph":[{"@type":"Article","@id":"https:\/\/vienapaskola.lt\/index.php\/2024\/11\/24\/kauno-miesto-savivaldybe-kauno-miesto-muziejus-kviecia-laukti-sv-kaledu-kartu\/#article","isPartOf":{"@id":"https:\/\/vienapaskola.lt\/index.php\/2024\/11\/24\/kauno-miesto-savivaldybe-kauno-miesto-muziejus-kviecia-laukti-sv-kaledu-kartu\/"},"author":{"name":"admin","@id":"https:\/\/vienapaskola.lt\/#\/schema\/person\/fd1e0e3a6f51f419b26be8373355ab9b"},"headline":"Kauno miesto savivaldyb\u0117 Kauno miesto muziejus kvie\u010dia laukti \u0161v. Kal\u0117d\u0173 kartu","datePublished":"2024-11-24T16:27:41+00:00","mainEntityOfPage":{"@id":"https:\/\/vienapaskola.lt\/index.php\/2024\/11\/24\/kauno-miesto-savivaldybe-kauno-miesto-muziejus-kviecia-laukti-sv-kaledu-kartu\/"},"wordCount":687,"image":{"@id":"https:\/\/vienapaskola.lt\/index.php\/2024\/11\/24\/kauno-miesto-savivaldybe-kauno-miesto-muziejus-kviecia-laukti-sv-kaledu-kartu\/#primaryimage"},"thumbnailUrl":"https:\/\/vienapaskola.lt\/wp-content\/uploads\/2024\/11\/Kauno-miesto-savivaldybe-Kauno-miesto-muziejus-kviecia-laukti-sv-Kaledu.jpg","keywords":["Kal\u0117d\u0173","kartu","Kauno","kvie\u010dia","laukti","miesto","muziejus","savivaldyb\u0117","\u0161v"],"articleSection":["\u0160ALIES NAUJIENOS"],"inLanguage":"lt-LT"},{"@type":"WebPage","@id":"https:\/\/vienapaskola.lt\/index.php\/2024\/11\/24\/kauno-miesto-savivaldybe-kauno-miesto-muziejus-kviecia-laukti-sv-kaledu-kartu\/","url":"https:\/\/vienapaskola.lt\/index.php\/2024\/11\/24\/kauno-miesto-savivaldybe-kauno-miesto-muziejus-kviecia-laukti-sv-kaledu-kartu\/","name":"Kauno miesto savivaldyb\u0117 Kauno miesto muziejus kvie\u010dia laukti \u0161v. Kal\u0117d\u0173 kartu - VienaPaskola.LT","isPartOf":{"@id":"https:\/\/vienapaskola.lt\/#website"},"primaryImageOfPage":{"@id":"https:\/\/vienapaskola.lt\/index.php\/2024\/11\/24\/kauno-miesto-savivaldybe-kauno-miesto-muziejus-kviecia-laukti-sv-kaledu-kartu\/#primaryimage"},"image":{"@id":"https:\/\/vienapaskola.lt\/index.php\/2024\/11\/24\/kauno-miesto-savivaldybe-kauno-miesto-muziejus-kviecia-laukti-sv-kaledu-kartu\/#primaryimage"},"thumbnailUrl":"https:\/\/vienapaskola.lt\/wp-content\/uploads\/2024\/11\/Kauno-miesto-savivaldybe-Kauno-miesto-muziejus-kviecia-laukti-sv-Kaledu.jpg","datePublished":"2024-11-24T16:27:41+00:00","author":{"@id":"https:\/\/vienapaskola.lt\/#\/schema\/person\/fd1e0e3a6f51f419b26be8373355ab9b"},"breadcrumb":{"@id":"https:\/\/vienapaskola.lt\/index.php\/2024\/11\/24\/kauno-miesto-savivaldybe-kauno-miesto-muziejus-kviecia-laukti-sv-kaledu-kartu\/#breadcrumb"},"inLanguage":"lt-LT","potentialAction":[{"@type":"ReadAction","target":["https:\/\/vienapaskola.lt\/index.php\/2024\/11\/24\/kauno-miesto-savivaldybe-kauno-miesto-muziejus-kviecia-laukti-sv-kaledu-kartu\/"]}]},{"@type":"ImageObject","inLanguage":"lt-LT","@id":"https:\/\/vienapaskola.lt\/index.php\/2024\/11\/24\/kauno-miesto-savivaldybe-kauno-miesto-muziejus-kviecia-laukti-sv-kaledu-kartu\/#primaryimage","url":"https:\/\/vienapaskola.lt\/wp-content\/uploads\/2024\/11\/Kauno-miesto-savivaldybe-Kauno-miesto-muziejus-kviecia-laukti-sv-Kaledu.jpg","contentUrl":"https:\/\/vienapaskola.lt\/wp-content\/uploads\/2024\/11\/Kauno-miesto-savivaldybe-Kauno-miesto-muziejus-kviecia-laukti-sv-Kaledu.jpg","width":1720,"height":1148},{"@type":"BreadcrumbList","@id":"https:\/\/vienapaskola.lt\/index.php\/2024\/11\/24\/kauno-miesto-savivaldybe-kauno-miesto-muziejus-kviecia-laukti-sv-kaledu-kartu\/#breadcrumb","itemListElement":[{"@type":"ListItem","position":1,"name":"Home","item":"https:\/\/vienapaskola.lt\/"},{"@type":"ListItem","position":2,"name":"Kauno miesto savivaldyb\u0117 Kauno miesto muziejus kvie\u010dia laukti \u0161v. Kal\u0117d\u0173 kartu"}]},{"@type":"WebSite","@id":"https:\/\/vienapaskola.lt\/#website","url":"https:\/\/vienapaskola.lt\/","name":"VienaPaskola.LT","description":"Finansai,ekonomika,technologijos","potentialAction":[{"@type":"SearchAction","target":{"@type":"EntryPoint","urlTemplate":"https:\/\/vienapaskola.lt\/?s={search_term_string}"},"query-input":{"@type":"PropertyValueSpecification","valueRequired":true,"valueName":"search_term_string"}}],"inLanguage":"lt-LT"},{"@type":"Person","@id":"https:\/\/vienapaskola.lt\/#\/schema\/person\/fd1e0e3a6f51f419b26be8373355ab9b","name":"admin","image":{"@type":"ImageObject","inLanguage":"lt-LT","@id":"https:\/\/secure.gravatar.com\/avatar\/f37349f777250847d2fca2ada474f5a6aadffa79d5284e8ad354a5c410a691ec?s=96&d=mm&r=g","url":"https:\/\/secure.gravatar.com\/avatar\/f37349f777250847d2fca2ada474f5a6aadffa79d5284e8ad354a5c410a691ec?s=96&d=mm&r=g","contentUrl":"https:\/\/secure.gravatar.com\/avatar\/f37349f777250847d2fca2ada474f5a6aadffa79d5284e8ad354a5c410a691ec?s=96&d=mm&r=g","caption":"admin"},"sameAs":["https:\/\/vienapaskola.lt"],"url":"https:\/\/vienapaskola.lt\/index.php\/author\/admin\/"}]}},"_links":{"self":[{"href":"https:\/\/vienapaskola.lt\/index.php\/wp-json\/wp\/v2\/posts\/682","targetHints":{"allow":["GET"]}}],"collection":[{"href":"https:\/\/vienapaskola.lt\/index.php\/wp-json\/wp\/v2\/posts"}],"about":[{"href":"https:\/\/vienapaskola.lt\/index.php\/wp-json\/wp\/v2\/types\/post"}],"author":[{"embeddable":true,"href":"https:\/\/vienapaskola.lt\/index.php\/wp-json\/wp\/v2\/users\/1"}],"replies":[{"embeddable":true,"href":"https:\/\/vienapaskola.lt\/index.php\/wp-json\/wp\/v2\/comments?post=682"}],"version-history":[{"count":0,"href":"https:\/\/vienapaskola.lt\/index.php\/wp-json\/wp\/v2\/posts\/682\/revisions"}],"wp:featuredmedia":[{"embeddable":true,"href":"https:\/\/vienapaskola.lt\/index.php\/wp-json\/wp\/v2\/media\/683"}],"wp:attachment":[{"href":"https:\/\/vienapaskola.lt\/index.php\/wp-json\/wp\/v2\/media?parent=682"}],"wp:term":[{"taxonomy":"category","embeddable":true,"href":"https:\/\/vienapaskola.lt\/index.php\/wp-json\/wp\/v2\/categories?post=682"},{"taxonomy":"post_tag","embeddable":true,"href":"https:\/\/vienapaskola.lt\/index.php\/wp-json\/wp\/v2\/tags?post=682"}],"curies":[{"name":"wp","href":"https:\/\/api.w.org\/{rel}","templated":true}]}}